{"dados":[{"ementa":"Abre no or\u00e7amento vigente cr\u00e9dito adicional especial R$ 597.000,00, e d\u00e1 outras provid\u00eancias.","dataAtualizacao":"2026-04-30 09:07:15","dataInicioVigencia":"2026-04-29","dataFimVigencia":null,"data":"2026-04-29","numero":6669,"categoria":"Decreto","situacao":"Em vigor","descricao":""},{"ementa":"Disp\u00f5e sobre a gest\u00e3o patrimonial dos bens m\u00f3veis e im\u00f3veis do Munic\u00edpio, e d\u00e1 outras provid\u00eancias.","dataAtualizacao":"2026-04-30 08:29:16","dataInicioVigencia":null,"dataFimVigencia":null,"data":"2026-04-29","numero":6668,"categoria":"Decreto","situacao":"Em vigor","descricao":""},{"ementa":"Abre no or\u00e7amento vigente cr\u00e9dito adicional suplementar R$ 17.786,67 , e d\u00e1 outras provid\u00eancias.","dataAtualizacao":"2026-04-30 09:08:11","dataInicioVigencia":"2026-04-29","dataFimVigencia":null,"data":"2026-04-29","numero":6667,"categoria":"Decreto","situacao":"Em vigor","descricao":""},{"ementa":"Disp\u00f5e sobre autoriza\u00e7\u00e3o ao Poder Executivo Municipal a proceder \u00e0 abertura de Cr\u00e9dito Adicional Especial na LOA 2026, em favor da Secretaria de Obras, no valor de R$ 597.000,00 (quinhentos e noventa e sete mil reais), e d\u00e1 outras provid\u00eancias.","dataAtualizacao":"2026-04-30 08:29:28","dataInicioVigencia":"2026-04-29","dataFimVigencia":null,"data":"2026-04-29","numero":2347,"categoria":"Lei Ordin\u00e1ria","situacao":"Em vigor","descricao":""},{"ementa":"Concede Gratifica\u00e7\u00e3o por Produtividade e Resultados \u2013 GPR \u00e0 servidora efetiva J\u00falia Baptista Berto.","dataAtualizacao":"2026-04-30 08:14:38","dataInicioVigencia":"2026-04-28","dataFimVigencia":null,"data":"2026-04-29","numero":223,"categoria":"Portaria","situacao":"Em vigor","descricao":""},{"ementa":"Concede Gratifica\u00e7\u00e3o por Produtividade e Resultados \u2013 GPR \u00e0 servidora efetiva Giovana Gouveia Trovatto.","dataAtualizacao":"2026-04-30 08:14:28","dataInicioVigencia":"2026-04-28","dataFimVigencia":null,"data":"2026-04-29","numero":222,"categoria":"Portaria","situacao":"Em vigor","descricao":""},{"ementa":"Exonera a pedido Claudionice da Silva, do cargo de Inspetor de Alunos.","dataAtualizacao":"2026-04-30 08:14:18","dataInicioVigencia":"2026-04-16","dataFimVigencia":null,"data":"2026-04-29","numero":221,"categoria":"Portaria","situacao":"Em vigor","descricao":""},{"ementa":"Exonera, por t\u00e9rmino de contrato, Viviane Fernanda Vitti Furtado do cargo de Professor PEB I - Ensino Infantil.","dataAtualizacao":"2026-04-30 08:14:07","dataInicioVigencia":"2026-04-28","dataFimVigencia":null,"data":"2026-04-29","numero":220,"categoria":"Portaria","situacao":"Em vigor","descricao":""},{"ementa":"Designa gestor e fiscal contratual da Prefeitura de \u00c1guas de S\u00e3o Pedro, referente ao Contrato n\u00ba 048\/2026, e d\u00e1 outras provid\u00eancias.","dataAtualizacao":"2026-04-30 08:13:56","dataInicioVigencia":"2026-04-29","dataFimVigencia":null,"data":"2026-04-29","numero":219,"categoria":"Portaria","situacao":"Em vigor","descricao":""},{"ementa":"Abre no or\u00e7amento vigente cr\u00e9dito adicional suplementar R$ 7.576,65, e d\u00e1 outras provid\u00eancias.","dataAtualizacao":"2026-04-28 09:09:24","dataInicioVigencia":"2026-04-27","dataFimVigencia":null,"data":"2026-04-27","numero":6666,"categoria":"Decreto","situacao":"Em vigor","descricao":""},{"ementa":"Designa gestor e fiscal contratual da Prefeitura de \u00c1guas de S\u00e3o Pedro, referente ao Contrato n\u00ba 047\/2026, e d\u00e1 outras provid\u00eancias.","dataAtualizacao":"2026-04-28 08:02:16","dataInicioVigencia":"2026-04-27","dataFimVigencia":null,"data":"2026-04-27","numero":218,"categoria":"Portaria","situacao":"Em vigor","descricao":""},{"ementa":"Abre no or\u00e7amento vigente cr\u00e9dito adicional suplementar R$ 80.707,86 , e d\u00e1 outras provid\u00eancias.","dataAtualizacao":"2026-04-27 07:47:35","dataInicioVigencia":"2026-04-24","dataFimVigencia":null,"data":"2026-04-24","numero":6665,"categoria":"Decreto","situacao":"Em vigor","descricao":""},{"ementa":"Abre no or\u00e7amento vigente cr\u00e9dito adicional suplementar R$ 2.512,66, e d\u00e1 outras provid\u00eancias.","dataAtualizacao":"2026-04-24 08:04:17","dataInicioVigencia":"2026-04-23","dataFimVigencia":null,"data":"2026-04-23","numero":6664,"categoria":"Decreto","situacao":"Em vigor","descricao":""},{"ementa":"Cria Comiss\u00e3o para an\u00e1lise da viabilidade de institui\u00e7\u00e3o de piso salarial municipal e revis\u00e3o do vencimento base dos servidores p\u00fablicos.","dataAtualizacao":"2026-04-24 10:48:29","dataInicioVigencia":"2026-04-23","dataFimVigencia":null,"data":"2026-04-23","numero":217,"categoria":"Portaria","situacao":"Em vigor","descricao":""},{"ementa":"Altera Portaria n\u00ba 149-25 que designou gestor e fiscal contratual da Prefeitura de \u00c1guas de S\u00e3o Pedro, referente ao contrato n\u00ba 026-2025.","dataAtualizacao":"2026-04-24 08:03:37","dataInicioVigencia":"2026-04-23","dataFimVigencia":null,"data":"2026-04-23","numero":216,"categoria":"Portaria","situacao":"Em vigor","descricao":""},{"ementa":"Exonera a pedido Thiago Felipe Duarte Spaziani, do cargo de Atendente Hospitalar.","dataAtualizacao":"2026-04-24 08:03:26","dataInicioVigencia":"2026-04-13","dataFimVigencia":null,"data":"2026-04-23","numero":215,"categoria":"Portaria","situacao":"Em vigor","descricao":""},{"ementa":"Disp\u00f5e sobre a exonera\u00e7\u00e3o da servidora Sonia Donizete Leme de Azevedo em decorr\u00eancia de aposentadoria por incapacidade permanente.","dataAtualizacao":"2026-04-24 08:03:15","dataInicioVigencia":"2026-04-13","dataFimVigencia":null,"data":"2026-04-23","numero":214,"categoria":"Portaria","situacao":"Em vigor","descricao":""},{"ementa":"Abre no or\u00e7amento vigente cr\u00e9dito adicional suplementar R$ 3.578,92, e d\u00e1 outras provid\u00eancias.","dataAtualizacao":"2026-04-23 07:37:50","dataInicioVigencia":null,"dataFimVigencia":null,"data":"2026-04-22","numero":6663,"categoria":"Decreto","situacao":"Em vigor","descricao":""},{"ementa":"Exonera, por t\u00e9rmino de contrato, Tatiane Franco Ramos Berti do cargo de Professor PEB I - Ensino Infantil.","dataAtualizacao":"2026-04-23 07:36:26","dataInicioVigencia":"2026-04-18","dataFimVigencia":null,"data":"2026-04-22","numero":213,"categoria":"Portaria","situacao":"Em vigor","descricao":""},{"ementa":"Concede licen\u00e7a-pr\u00eamio \u00e0 servidora efetiva Teresinha Maria Antunes, Escritur\u00e1rio.","dataAtualizacao":"2026-04-22 07:52:45","dataInicioVigencia":"2026-06-22","dataFimVigencia":"2026-07-11","data":"2026-04-17","numero":212,"categoria":"Portaria","situacao":"Em vigor","descricao":""},{"ementa":"Concede licen\u00e7a-pr\u00eamio ao servidor efetivo Paulo Cesar de Lima, Guarda Civil Municipal Classe Distinta.","dataAtualizacao":"2026-04-22 07:52:35","dataInicioVigencia":"2026-04-22","dataFimVigencia":"2026-05-06","data":"2026-04-17","numero":211,"categoria":"Portaria","situacao":"Em vigor","descricao":""},{"ementa":"Designa gestor e fiscal contratual da Prefeitura de \u00c1guas de S\u00e3o Pedro, referente ao Contrato n\u00ba 046\/2026, e d\u00e1 outras provid\u00eancias.","dataAtualizacao":"2026-04-22 07:53:07","dataInicioVigencia":"2026-04-17","dataFimVigencia":null,"data":"2026-04-17","numero":210,"categoria":"Portaria","situacao":"Em vigor","descricao":""},{"ementa":"Altera e suspende o expediente administrativo da Secretaria de Servi\u00e7os Urbanos e Meio Ambiente no dia 22 de abril de 2026.","dataAtualizacao":"2026-04-17 07:43:32","dataInicioVigencia":"2026-04-22","dataFimVigencia":"2026-04-22","data":"2026-04-16","numero":6662,"categoria":"Decreto","situacao":"Em vigor","descricao":""},{"ementa":"Disp\u00f5e sobre o recebimento, incorpora\u00e7\u00e3o e destina\u00e7\u00e3o de bens m\u00f3veis doados pela C\u00e2mara de Vereadores ao Poder Executivo Municipal.","dataAtualizacao":"2026-04-17 07:43:23","dataInicioVigencia":"2026-04-15","dataFimVigencia":null,"data":"2026-04-16","numero":6661,"categoria":"Decreto","situacao":"Em vigor","descricao":""},{"ementa":"Abre no or\u00e7amento vigente cr\u00e9dito adicional suplementar R$ 194.775,65, e d\u00e1 outras provid\u00eancias.","dataAtualizacao":"2026-04-16 07:46:51","dataInicioVigencia":"2026-04-15","dataFimVigencia":null,"data":"2026-04-15","numero":6660,"categoria":"Decreto","situacao":"Em vigor","descricao":""},{"ementa":"Abre no or\u00e7amento vigente cr\u00e9dito adicional especial R$ 200.000,00, e d\u00e1 outras provid\u00eancias.","dataAtualizacao":"2026-04-16 07:46:40","dataInicioVigencia":"2026-04-15","dataFimVigencia":null,"data":"2026-04-15","numero":6659,"categoria":"Decreto","situacao":"Em vigor","descricao":""},{"ementa":"Abre no or\u00e7amento vigente cr\u00e9dito adicional suplementar R$ 167.123,07, e d\u00e1 outras provid\u00eancias.","dataAtualizacao":"2026-04-16 07:46:30","dataInicioVigencia":"2026-04-15","dataFimVigencia":null,"data":"2026-04-15","numero":6658,"categoria":"Decreto","situacao":"Em vigor","descricao":""},{"ementa":"D\u00e1 nova reda\u00e7\u00e3o \u00e0 Lei n\u00b0 2.322, de 17 de novembro de 2025, para incluir e equiparar valores de gratifica\u00e7\u00f5es por fun\u00e7\u00e3o e d\u00e1 outras provid\u00eancias.","dataAtualizacao":"2026-04-16 07:46:19","dataInicioVigencia":"2026-04-15","dataFimVigencia":null,"data":"2026-04-15","numero":2346,"categoria":"Lei Ordin\u00e1ria","situacao":"Em vigor","descricao":""},{"ementa":"Disp\u00f5e sobre a altera\u00e7\u00e3o da denomina\u00e7\u00e3o da atual Rua 29-A, no centro, para Rua Ignez Bontorin Antunes, e d\u00e1 outras provid\u00eancias.","dataAtualizacao":"2026-04-16 07:46:09","dataInicioVigencia":"2026-04-15","dataFimVigencia":null,"data":"2026-04-15","numero":2345,"categoria":"Lei Ordin\u00e1ria","situacao":"Em vigor","descricao":""},{"ementa":"Disp\u00f5e sobre a altera\u00e7\u00e3o da denomina\u00e7\u00e3o da atual Rua 28-B, no centro, para Rua Dirceu Barboza de Lima e d\u00e1 outras provid\u00eancias.","dataAtualizacao":"2026-04-16 07:45:58","dataInicioVigencia":"2026-04-15","dataFimVigencia":null,"data":"2026-04-15","numero":2344,"categoria":"Lei Ordin\u00e1ria","situacao":"Em vigor","descricao":""},{"ementa":"Disp\u00f5e sobre a altera\u00e7\u00e3o da denomina\u00e7\u00e3o da atual Rua 28-A, no centro, para Rua Lazara Jorge de Moraes \u201cTia Lazinha\u201d, e d\u00e1 outras provid\u00eancias.","dataAtualizacao":"2026-04-16 07:45:45","dataInicioVigencia":"2026-04-15","dataFimVigencia":null,"data":"2026-04-15","numero":2343,"categoria":"Lei Ordin\u00e1ria","situacao":"Em vigor","descricao":""},{"ementa":"Disp\u00f5e sobre autoriza\u00e7\u00e3o ao Poder Executivo Municipal a proceder \u00e0 abertura de Cr\u00e9dito Adicional Suplementar na LOA 2026, no valor de R$ 194.775,65 (cento e noventa e quatro mil, setecentos e setenta e cinco reais e sessenta e cinco centavos), e d\u00e1 outras provid\u00eancias.","dataAtualizacao":"2026-04-16 07:45:35","dataInicioVigencia":"2026-04-15","dataFimVigencia":null,"data":"2026-04-15","numero":2342,"categoria":"Lei Ordin\u00e1ria","situacao":"Em vigor","descricao":""},{"ementa":"Disp\u00f5e sobre autoriza\u00e7\u00e3o ao Poder Executivo Municipal a proceder \u00e0 abertura de Cr\u00e9dito Adicional Especial na LOA 2026, em favor da Secretaria de Sa\u00fade, no valor de R$ 200.000,00 (duzentos mil reais), e d\u00e1 outras provid\u00eancias.","dataAtualizacao":"2026-04-16 07:44:57","dataInicioVigencia":"2026-04-15","dataFimVigencia":null,"data":"2026-04-15","numero":2341,"categoria":"Lei Ordin\u00e1ria","situacao":"Em vigor","descricao":""},{"ementa":"Revoga a Portaria n\u00ba 170, de 01 de abril de 2026, e nomeia Pregoeiros e Equipe de Apoio para proceder aos preg\u00f5es levados a efeito, pela Prefeitura do Munic\u00edpio da Est\u00e2ncia Hidromineral de \u00c1guas de S\u00e3o Pedro.","dataAtualizacao":"2026-04-16 07:44:42","dataInicioVigencia":"2026-04-15","dataFimVigencia":null,"data":"2026-04-15","numero":209,"categoria":"Portaria","situacao":"Em vigor","descricao":""},{"ementa":"Designa a servidora efetiva Silvana Gon\u00e7alves Bontorim para o exerc\u00edcio de fun\u00e7\u00e3o gratificada.","dataAtualizacao":"2026-04-16 07:44:32","dataInicioVigencia":null,"dataFimVigencia":null,"data":"2026-04-15","numero":208,"categoria":"Portaria","situacao":"Em vigor","descricao":""},{"ementa":"Altera o C\u00f3digo Tribut\u00e1rio, Lei Complementar n\u00ba 01\/1994 e d\u00e1 outras provid\u00eancias.","dataAtualizacao":"2026-04-16 07:44:20","dataInicioVigencia":"2027-01-01","dataFimVigencia":null,"data":"2026-04-15","numero":192,"categoria":"Lei Complementar","situacao":"Em vigor","descricao":""},{"ementa":"Altera o artigo 1\u00ba da Lei Complementar n\u00ba 107\/2014 para incluir servi\u00e7os relacionados ao monitoramento e rastreamento a dist\u00e2ncia) e d\u00e1 outras provid\u00eancias.","dataAtualizacao":"2026-04-16 07:44:08","dataInicioVigencia":"2026-04-15","dataFimVigencia":null,"data":"2026-04-15","numero":191,"categoria":"Lei Complementar","situacao":"Em vigor","descricao":""},{"ementa":"Abre no or\u00e7amento vigente cr\u00e9dito adicional suplementar R$ 64.216,88, e d\u00e1 outras provid\u00eancias.","dataAtualizacao":"2026-04-15 07:01:45","dataInicioVigencia":"2026-04-14","dataFimVigencia":null,"data":"2026-04-14","numero":6657,"categoria":"Decreto","situacao":"Em vigor","descricao":""},{"ementa":"Designa a servidora efetiva Silvia Aparecida Verrengia Favaretto para o exerc\u00edcio de fun\u00e7\u00e3o gratificada.","dataAtualizacao":"2026-04-15 07:01:48","dataInicioVigencia":"2026-04-13","dataFimVigencia":null,"data":"2026-04-14","numero":207,"categoria":"Portaria","situacao":"Em vigor","descricao":""},{"ementa":"Designa a servidora efetiva Maria Cecilia Correa Itip\u00e3o para o exerc\u00edcio de fun\u00e7\u00e3o gratificada.","dataAtualizacao":"2026-04-15 07:01:49","dataInicioVigencia":"2026-04-13","dataFimVigencia":null,"data":"2026-04-14","numero":206,"categoria":"Portaria","situacao":"Em vigor","descricao":""},{"ementa":"Designa o servidor efetivo Alisson de Moraes Vieira para o exerc\u00edcio do cargo de Assistente Administrativo.","dataAtualizacao":"2026-04-15 07:01:52","dataInicioVigencia":"2026-04-13","dataFimVigencia":null,"data":"2026-04-14","numero":205,"categoria":"Portaria","situacao":"Em vigor","descricao":""},{"ementa":"Revoga as Portarias n\u00ba 026-26 e 046-24, que disp\u00f5em sobre designa\u00e7\u00f5es do servidor Alisson de Moraes Vieira.","dataAtualizacao":"2026-04-15 07:01:54","dataInicioVigencia":"2026-04-13","dataFimVigencia":null,"data":"2026-04-14","numero":204,"categoria":"Portaria","situacao":"Em vigor","descricao":""},{"ementa":"Revoga as Portarias n\u00ba 289-10 e 104-24, que disp\u00f5em sobre designa\u00e7\u00f5es do servidor Francisco \u00c2ngelo Gaiani.","dataAtualizacao":"2026-04-15 07:01:58","dataInicioVigencia":"2026-04-13","dataFimVigencia":null,"data":"2026-04-14","numero":203,"categoria":"Portaria","situacao":"Em vigor","descricao":""},{"ementa":"Exonera, por t\u00e9rmino de contrato, Nathalia de Carvalho Franco do cargo de Professor PEB I - Ensino Infantil.","dataAtualizacao":"2026-04-15 07:02:02","dataInicioVigencia":"2026-04-09","dataFimVigencia":null,"data":"2026-04-14","numero":202,"categoria":"Portaria","situacao":"Em vigor","descricao":""},{"ementa":"Designa a servidora Maria do Carmo dos Santos Louren\u00e7o, cargo Professor PEB-l - Fundamental, para exercer a jornada \u201cJT-C\u201d.","dataAtualizacao":"2026-04-15 07:02:05","dataInicioVigencia":"2026-04-01","dataFimVigencia":null,"data":"2026-04-14","numero":201,"categoria":"Portaria","situacao":"Em vigor","descricao":""},{"ementa":"Revoga a Portaria n\u00ba 171-25, que convocou a servidora Liliane de Oliveira Jardim para presta\u00e7\u00e3o de servi\u00e7os em regime de dedica\u00e7\u00e3o exclusiva.","dataAtualizacao":"2026-04-15 07:02:08","dataInicioVigencia":"2026-04-13","dataFimVigencia":null,"data":"2026-04-14","numero":200,"categoria":"Portaria","situacao":"Em vigor","descricao":""},{"ementa":"Revoga a Portaria n\u00ba 006-18, que convocou o servidor Mario Evaristo para presta\u00e7\u00e3o de servi\u00e7os em regime de dedica\u00e7\u00e3o exclusiva.","dataAtualizacao":"2026-04-15 07:02:11","dataInicioVigencia":"2026-04-13","dataFimVigencia":null,"data":"2026-04-14","numero":199,"categoria":"Portaria","situacao":"Em vigor","descricao":""},{"ementa":"Revoga a Portaria n\u00ba 081-25, que convocou o servidor Marcos Paulo dos Santos para presta\u00e7\u00e3o de servi\u00e7os em regime de dedica\u00e7\u00e3o exclusiva.","dataAtualizacao":"2026-04-15 07:02:14","dataInicioVigencia":"2026-04-13","dataFimVigencia":null,"data":"2026-04-14","numero":198,"categoria":"Portaria","situacao":"Em vigor","descricao":""},{"ementa":"Revoga a Portaria n\u00ba 082-25, que convocou o servidor Aloisio de Lima para presta\u00e7\u00e3o de servi\u00e7os em regime de dedica\u00e7\u00e3o exclusiva.","dataAtualizacao":"2026-04-15 07:02:17","dataInicioVigencia":"2026-04-13","dataFimVigencia":null,"data":"2026-04-14","numero":197,"categoria":"Portaria","situacao":"Em vigor","descricao":""},{"ementa":"Revoga a Portaria n\u00ba 005-18, que convocou o servidor Alex Ferreira de Lima para presta\u00e7\u00e3o de servi\u00e7os em regime de dedica\u00e7\u00e3o exclusiva.","dataAtualizacao":"2026-04-15 07:02:29","dataInicioVigencia":"2026-04-13","dataFimVigencia":null,"data":"2026-04-14","numero":196,"categoria":"Portaria","situacao":"Em vigor","descricao":""},{"ementa":"Revoga a Portaria n\u00ba 259-22, que convocou o servidor Carlos Henrique Benedito da Silva para presta\u00e7\u00e3o de servi\u00e7os em regime de dedica\u00e7\u00e3o exclusiva.","dataAtualizacao":"2026-04-15 07:02:37","dataInicioVigencia":"2026-04-13","dataFimVigencia":null,"data":"2026-04-14","numero":195,"categoria":"Portaria","situacao":"Em vigor","descricao":""},{"ementa":"Revoga a Portaria n\u00ba 004-18, que convocou o servidor Jos\u00e9 Carlos Pinto para presta\u00e7\u00e3o de servi\u00e7os em regime de dedica\u00e7\u00e3o exclusiva.","dataAtualizacao":"2026-04-15 07:02:41","dataInicioVigencia":"2026-04-13","dataFimVigencia":null,"data":"2026-04-14","numero":194,"categoria":"Portaria","situacao":"Em vigor","descricao":""},{"ementa":"Revoga a Portaria n\u00ba 147-22, que convocou a servidora Valeria de Cassia Barbosa Oliveira para presta\u00e7\u00e3o de servi\u00e7os em regime de dedica\u00e7\u00e3o exclusiva.","dataAtualizacao":"2026-04-15 07:05:09","dataInicioVigencia":"2026-04-13","dataFimVigencia":null,"data":"2026-04-14","numero":193,"categoria":"Portaria","situacao":"Em vigor","descricao":""},{"ementa":"Revoga a Portaria n\u00ba 258-22, que convocou o servidor Cesar Alves da Silva para presta\u00e7\u00e3o de servi\u00e7os em regime de dedica\u00e7\u00e3o exclusiva.","dataAtualizacao":"2026-04-15 07:02:49","dataInicioVigencia":"2026-04-13","dataFimVigencia":null,"data":"2026-04-14","numero":192,"categoria":"Portaria","situacao":"Em vigor","descricao":""},{"ementa":"Revoga a Portaria n\u00ba 105-24, que convocou a servidora Juliana Aparecida Ramos para presta\u00e7\u00e3o de servi\u00e7os em regime de dedica\u00e7\u00e3o exclusiva.","dataAtualizacao":"2026-04-14 18:35:47","dataInicioVigencia":"2026-04-13","dataFimVigencia":null,"data":"2026-04-14","numero":191,"categoria":"Portaria","situacao":"Em vigor","descricao":""},{"ementa":"Revoga a Portaria n\u00ba 273-23, que convocou o servidor Marcos Donizete Joia Fioravante para presta\u00e7\u00e3o de servi\u00e7os em regime de dedica\u00e7\u00e3o exclusiva.","dataAtualizacao":"2026-04-15 07:02:53","dataInicioVigencia":"2026-04-13","dataFimVigencia":null,"data":"2026-04-14","numero":190,"categoria":"Portaria","situacao":"Em vigor","descricao":""},{"ementa":"Revoga a Portaria n\u00ba 041-23, que convocou a servidora Pillar Rodelis para presta\u00e7\u00e3o de servi\u00e7os em regime de dedica\u00e7\u00e3o exclusiva.","dataAtualizacao":"2026-04-14 18:35:20","dataInicioVigencia":"2026-04-13","dataFimVigencia":null,"data":"2026-04-14","numero":189,"categoria":"Portaria","situacao":"Em vigor","descricao":""},{"ementa":"Revoga a Portaria n\u00ba 076-18, que convocou o servidor Marcelo Pontes Farhat para presta\u00e7\u00e3o de servi\u00e7os em regime de dedica\u00e7\u00e3o exclusiva.","dataAtualizacao":"2026-04-15 07:02:59","dataInicioVigencia":"2026-04-13","dataFimVigencia":null,"data":"2026-04-14","numero":188,"categoria":"Portaria","situacao":"Em vigor","descricao":""},{"ementa":"Altera o expediente na Piscina Municipal \u201cProfessor Valdecir Luiz Fachi\u201d no per\u00edodo que especifica.","dataAtualizacao":"2026-04-14 07:41:37","dataInicioVigencia":"2026-04-20","dataFimVigencia":"2026-04-23","data":"2026-04-13","numero":6656,"categoria":"Decreto","situacao":"Em vigor","descricao":""},{"ementa":"Disp\u00f5e sobre o recebimento, incorpora\u00e7\u00e3o e destina\u00e7\u00e3o de bens m\u00f3veis doados pela C\u00e2mara de Vereadores ao Poder Executivo Municipal.","dataAtualizacao":"2026-04-14 07:41:27","dataInicioVigencia":"2026-03-26","dataFimVigencia":null,"data":"2026-04-13","numero":6655,"categoria":"Decreto","situacao":"Em vigor","descricao":""},{"ementa":"Abre no or\u00e7amento vigente cr\u00e9dito adicional suplementar R$ 282.613,69, e d\u00e1 outras provid\u00eancias.","dataAtualizacao":"2026-04-14 07:41:08","dataInicioVigencia":"2026-04-13","dataFimVigencia":null,"data":"2026-04-13","numero":6654,"categoria":"Decreto","situacao":"Em vigor","descricao":""},{"ementa":"Transfere Lucas Breno Basso, do cargo de Coordenador de Unidade Administrativa, para o cargo de Assessor de Ampla Assist\u00eancia.","dataAtualizacao":"2026-04-14 07:43:08","dataInicioVigencia":"2026-04-10","dataFimVigencia":null,"data":"2026-04-13","numero":187,"categoria":"Portaria","situacao":"Em vigor","descricao":""},{"ementa":"Nomeia Claudionice da Silva para o cargo de Inspetor de Alunos.","dataAtualizacao":"2026-04-14 07:42:56","dataInicioVigencia":"2026-04-06","dataFimVigencia":"2026-10-03","data":"2026-04-13","numero":186,"categoria":"Portaria","situacao":"Em vigor","descricao":""},{"ementa":"Nomeia Marina dos Santos para o cargo de Monitor.","dataAtualizacao":"2026-04-14 07:42:44","dataInicioVigencia":"2026-04-06","dataFimVigencia":null,"data":"2026-04-13","numero":185,"categoria":"Portaria","situacao":"Em vigor","descricao":""},{"ementa":"Nomeia Roberto Rega Lobo Filho para o cargo de Auxiliar Administrativo.","dataAtualizacao":"2026-04-14 07:42:32","dataInicioVigencia":"2026-04-09","dataFimVigencia":null,"data":"2026-04-13","numero":184,"categoria":"Portaria","situacao":"Em vigor","descricao":""},{"ementa":"Concede licen\u00e7a-pr\u00eamio ao servidor efetivo Alexsander Roberto Brinatti, Motorista.","dataAtualizacao":"2026-04-14 07:42:20","dataInicioVigencia":"2026-05-02","dataFimVigencia":"2026-06-01","data":"2026-04-13","numero":183,"categoria":"Portaria","situacao":"Em vigor","descricao":""},{"ementa":"Nomeia Igor Pereira Rodrigues para o cargo de Secret\u00e1rio Executivo.","dataAtualizacao":"2026-04-13 07:52:33","dataInicioVigencia":"2026-04-09","dataFimVigencia":null,"data":"2026-04-10","numero":182,"categoria":"Portaria","situacao":"Em vigor","descricao":""},{"ementa":"Transfere Nivea Rodrigues Sant\u2019Ana Cerqueira Zampieri, do cargo de Secret\u00e1rio Executivo, para o cargo de Chefe de Gabinete.","dataAtualizacao":"2026-04-13 07:52:22","dataInicioVigencia":"2026-04-09","dataFimVigencia":null,"data":"2026-04-10","numero":181,"categoria":"Portaria","situacao":"Em vigor","descricao":""},{"ementa":"Exonera sem justa causa Igor Pereira Rodrigues, do cargo de Chefe de Gabinete.","dataAtualizacao":"2026-04-13 07:52:02","dataInicioVigencia":"2026-04-08","dataFimVigencia":null,"data":"2026-04-10","numero":180,"categoria":"Portaria","situacao":"Em vigor","descricao":""},{"ementa":"Abre no or\u00e7amento vigente cr\u00e9dito adicional suplementar R$ 2.789,20, e d\u00e1 outras provid\u00eancias.","dataAtualizacao":"2026-04-09 07:45:26","dataInicioVigencia":"2026-04-08","dataFimVigencia":null,"data":"2026-04-08","numero":6653,"categoria":"Decreto","situacao":"Em vigor","descricao":""},{"ementa":"Designa gestor e fiscal contratual da Prefeitura de \u00c1guas de S\u00e3o Pedro, referente ao Contrato n\u00ba 045\/2026, e d\u00e1 outras provid\u00eancias.","dataAtualizacao":"2026-04-09 07:46:09","dataInicioVigencia":"2026-04-08","dataFimVigencia":null,"data":"2026-04-08","numero":179,"categoria":"Portaria","situacao":"Em vigor","descricao":""},{"ementa":"Designa gestor e fiscal contratual da Prefeitura de \u00c1guas de S\u00e3o Pedro, referente ao Contrato n\u00ba 042\/2026, e d\u00e1 outras provid\u00eancias.","dataAtualizacao":"2026-04-09 07:45:57","dataInicioVigencia":"2026-04-08","dataFimVigencia":null,"data":"2026-04-08","numero":178,"categoria":"Portaria","situacao":"Em vigor","descricao":""},{"ementa":"Prorroga o contrato de Priscila Vanessa Dante, cargo de Professor PEB-I.","dataAtualizacao":"2026-04-09 07:45:47","dataInicioVigencia":"2026-04-02","dataFimVigencia":"2027-03-28","data":"2026-04-08","numero":177,"categoria":"Portaria","situacao":"Em vigor","descricao":""},{"ementa":"Abre no or\u00e7amento vigente cr\u00e9dito adicional suplementar R$ 18.177,56, e d\u00e1 outras provid\u00eancias.","dataAtualizacao":"2026-04-07 07:48:34","dataInicioVigencia":"2026-04-06","dataFimVigencia":null,"data":"2026-04-06","numero":6652,"categoria":"Decreto","situacao":"Em vigor","descricao":""},{"ementa":"Exonera a pedido Roseli Cust\u00f3dio, do cargo de Servi\u00e7os Gerais Feminino.","dataAtualizacao":"2026-04-07 07:48:25","dataInicioVigencia":"2026-04-06","dataFimVigencia":null,"data":"2026-04-06","numero":176,"categoria":"Portaria","situacao":"Em vigor","descricao":""},{"ementa":"Designa gestor e fiscal contratual da Prefeitura de \u00c1guas de S\u00e3o Pedro, referente ao Contrato n\u00ba 044\/2026, e d\u00e1 outras provid\u00eancias.","dataAtualizacao":"2026-04-07 07:48:15","dataInicioVigencia":"2026-04-06","dataFimVigencia":null,"data":"2026-04-06","numero":175,"categoria":"Portaria","situacao":"Em vigor","descricao":""},{"ementa":"Concede licen\u00e7a-pr\u00eamio ao servidor efetivo Marcelo Pontes Farhat, Analista de Sistemas.","dataAtualizacao":"2026-04-07 07:49:16","dataInicioVigencia":"2026-04-06","dataFimVigencia":"2026-04-20","data":"2026-04-06","numero":174,"categoria":"Portaria","situacao":"Em vigor","descricao":""},{"ementa":"Abre no or\u00e7amento vigente cr\u00e9dito adicional suplementar R$ 25.908,00, e d\u00e1 outras provid\u00eancias.","dataAtualizacao":"2026-04-06 10:47:44","dataInicioVigencia":null,"dataFimVigencia":null,"data":"2026-04-01","numero":6651,"categoria":"Decreto","situacao":"Em vigor","descricao":""},{"ementa":"Abre no or\u00e7amento vigente cr\u00e9dito adicional suplementar R$ 13.000,00, e d\u00e1 outras provid\u00eancias.","dataAtualizacao":"2026-04-06 07:47:31","dataInicioVigencia":"2026-04-01","dataFimVigencia":null,"data":"2026-04-01","numero":6650,"categoria":"Decreto","situacao":"Em vigor","descricao":""},{"ementa":"Declara de utilidade p\u00fablica para fins de desapropria\u00e7\u00e3o e\/ou institui\u00e7\u00e3o de servid\u00e3o de passagem e acesso o im\u00f3vel situado neste munic\u00edpio de \u00c1guas de S\u00e3o Pedro, necess\u00e1rio \u00e0 Companhia de Saneamento B\u00e1sico do Estado de S\u00e3o Paulo - SABESP.","dataAtualizacao":"2026-04-06 07:47:51","dataInicioVigencia":"2026-04-01","dataFimVigencia":null,"data":"2026-04-01","numero":6649,"categoria":"Decreto","situacao":"Em vigor","descricao":""},{"ementa":"Gestor e Respons\u00e1vel T\u00e9cnico dos conv\u00eanios a serem firmados com o Governo do Estado de S\u00e3o Paulo.","dataAtualizacao":"2026-04-07 07:47:50","dataInicioVigencia":"2026-04-01","dataFimVigencia":null,"data":"2026-04-01","numero":173,"categoria":"Portaria","situacao":"Em vigor","descricao":""},{"ementa":"Designa gestor e fiscal contratual da Prefeitura de \u00c1guas de S\u00e3o Pedro, referente ao Contrato n\u00ba 043\/2026, e d\u00e1 outras provid\u00eancias.","dataAtualizacao":"2026-04-06 07:51:50","dataInicioVigencia":"2026-04-01","dataFimVigencia":null,"data":"2026-04-01","numero":172,"categoria":"Portaria","situacao":"Em vigor","descricao":""},{"ementa":"Revoga a Portaria n\u00ba 007-25 e nomeia membros da Comiss\u00e3o de Abertura e Julgamento de Licita\u00e7\u00f5es.","dataAtualizacao":"2026-04-06 07:46:26","dataInicioVigencia":"2026-04-01","dataFimVigencia":null,"data":"2026-04-01","numero":171,"categoria":"Portaria","situacao":"Em vigor","descricao":""},{"ementa":"Revoga a Portaria n\u00ba 298, de 07 de agosto de 2025, e nomeia Pregoeiros e Equipe de Apoio para proceder aos preg\u00f5es levados a efeito, pela Prefeitura do Munic\u00edpio da Est\u00e2ncia Hidromineral de \u00c1guas de S\u00e3o Pedro.","dataAtualizacao":"2026-04-06 07:46:16","dataInicioVigencia":"2026-04-01","dataFimVigencia":null,"data":"2026-04-01","numero":170,"categoria":"Portaria","situacao":"Revogada Totalmente","descricao":""},{"ementa":"Revoga as Portarias n\u00ba 161 e n\u00ba 163, ambas de 13 de julho de 2022, que disp\u00f5em sobre designa\u00e7\u00f5es do servidor Ivair Roberto Toigo.","dataAtualizacao":"2026-04-06 07:46:05","dataInicioVigencia":"2026-04-01","dataFimVigencia":null,"data":"2026-04-01","numero":169,"categoria":"Portaria","situacao":"Em vigor","descricao":""},{"ementa":"Designa o servidor efetivo Ivair Roberto Toigo para exercer o cargo em comiss\u00e3o de Secret\u00e1rio de Servi\u00e7os Urbanos e Meio Ambiente.","dataAtualizacao":"2026-04-06 07:45:52","dataInicioVigencia":"2026-04-01","dataFimVigencia":null,"data":"2026-04-01","numero":168,"categoria":"Portaria","situacao":"Em vigor","descricao":""},{"ementa":"Revoga a Portaria n\u00ba 150\/23 que designou F\u00e1bio Roberto Esteves para o cargo de Secret\u00e1rio de Servi\u00e7os Urbanos e Meio Ambiente.","dataAtualizacao":"2026-04-06 07:45:39","dataInicioVigencia":"2026-04-01","dataFimVigencia":null,"data":"2026-04-01","numero":167,"categoria":"Portaria","situacao":"Em vigor","descricao":""},{"ementa":"Disp\u00f5e sobre a exonera\u00e7\u00e3o da servidora Isabel Aparecida Rota Campos em decorr\u00eancia de aposentadoria por incapacidade permanente.","dataAtualizacao":"2026-04-06 07:45:28","dataInicioVigencia":"2026-04-01","dataFimVigencia":null,"data":"2026-04-01","numero":166,"categoria":"Portaria","situacao":"Em vigor","descricao":""},{"ementa":"Revoga o Decreto n\u00ba 6.585 de 31 de dezembro de 2025 e disp\u00f5e sobre a nova regulamenta\u00e7\u00e3o do processo de gest\u00e3o estrat\u00e9gica das contrata\u00e7\u00f5es de softwares de uso disseminado no \u00e2mbito da Administra\u00e7\u00e3o P\u00fablica do Munic\u00edpio da Est\u00e2ncia Hidromineral de \u00c1guas de S\u00e3o Pedro, nos termos do art. 43, \u00a7 2\u00ba, da Lei Federal n\u00ba 14.133\/2021, e d\u00e1 outras provid\u00eancias.","dataAtualizacao":"2026-04-01 07:47:48","dataInicioVigencia":"2026-03-31","dataFimVigencia":null,"data":"2026-03-31","numero":6648,"categoria":"Decreto","situacao":"Em vigor","descricao":""},{"ementa":"Abre no or\u00e7amento vigente cr\u00e9dito adicional suplementar R$ 25,38 e d\u00e1 outras provid\u00eancias.","dataAtualizacao":"2026-04-01 07:48:21","dataInicioVigencia":null,"dataFimVigencia":null,"data":"2026-03-31","numero":6647,"categoria":"Decreto","situacao":"Em vigor","descricao":""},{"ementa":"Regulamenta, no \u00e2mbito do Munic\u00edpio da Est\u00e2ncia Hidromineral de \u00c1guas de S\u00e3o Pedro, aspectos da Pol\u00edtica Nacional de Res\u00edduos S\u00f3lidos \u2013 PNRS (Lei Federal n\u00ba 12.305\/2010 e Decreto Federal n\u00ba 7.404\/2010), com \u00eanfase na log\u00edstica reversa e nos mecanismos municipais de governan\u00e7a, controle e acompanhamento.","dataAtualizacao":"2026-03-31 07:46:05","dataInicioVigencia":"2026-03-30","dataFimVigencia":null,"data":"2026-03-30","numero":6646,"categoria":"Decreto","situacao":"Em vigor","descricao":""},{"ementa":"Abre no or\u00e7amento vigente cr\u00e9dito adicional suplementar R$ 69.462,00, e d\u00e1 outras provid\u00eancias.","dataAtualizacao":"2026-03-31 07:38:54","dataInicioVigencia":null,"dataFimVigencia":null,"data":"2026-03-30","numero":6645,"categoria":"Decreto","situacao":"Em vigor","descricao":""},{"ementa":"Declara a vac\u00e2ncia do cargo de Professor PEB II ocupado por Jana\u00edna Acacia Rodrigues Moraes Martins, por posse em cargo inacumul\u00e1vel, com direito \u00e0 recondu\u00e7\u00e3o.","dataAtualizacao":"2026-04-01 11:31:39","dataInicioVigencia":"2026-03-19","dataFimVigencia":null,"data":"2026-03-30","numero":165,"categoria":"Portaria","situacao":"Em vigor","descricao":""},{"ementa":"Nomeia Maria Rosivania dos Santos Silva para o cargo de Servi\u00e7os Gerais Feminino.","dataAtualizacao":"2026-03-31 07:37:55","dataInicioVigencia":"2026-03-18","dataFimVigencia":null,"data":"2026-03-30","numero":164,"categoria":"Portaria","situacao":"Em vigor","descricao":""},{"ementa":"Nomeia Ana Julia Gomes Moreira para o cargo de Monitor.","dataAtualizacao":"2026-03-31 07:37:45","dataInicioVigencia":"2026-03-18","dataFimVigencia":null,"data":"2026-03-30","numero":163,"categoria":"Portaria","situacao":"Em vigor","descricao":""},{"ementa":"Designa gestor e fiscal contratual da Prefeitura de \u00c1guas de S\u00e3o Pedro, referente ao Contrato n\u00ba 041\/2026, e d\u00e1 outras provid\u00eancias.","dataAtualizacao":"2026-03-31 07:37:34","dataInicioVigencia":"2026-03-27","dataFimVigencia":null,"data":"2026-03-27","numero":162,"categoria":"Portaria","situacao":"Em vigor","descricao":""},{"ementa":"Abre no or\u00e7amento vigente cr\u00e9dito adicional suplementar R$ 53.695,52, e d\u00e1 outras provid\u00eancias.","dataAtualizacao":"2026-03-27 07:42:28","dataInicioVigencia":"2026-03-26","dataFimVigencia":null,"data":"2026-03-26","numero":6644,"categoria":"Decreto","situacao":"Em vigor","descricao":""},{"ementa":"Designa gestor e fiscal contratual da Prefeitura de \u00c1guas de S\u00e3o Pedro, referente ao Contrato n\u00ba 040\/2026, e d\u00e1 outras provid\u00eancias.","dataAtualizacao":"2026-03-27 07:54:22","dataInicioVigencia":"2026-03-26","dataFimVigencia":null,"data":"2026-03-26","numero":161,"categoria":"Portaria","situacao":"Em vigor","descricao":""},{"ementa":"Revoga a Portaria n\u00ba 153, de 22 de abril de 2025, e altera a composi\u00e7\u00e3o da Coordenadoria Municipal de Prote\u00e7\u00e3o e Defesa Civil (COMPDEC).","dataAtualizacao":"2026-03-27 07:40:21","dataInicioVigencia":"2026-03-26","dataFimVigencia":null,"data":"2026-03-26","numero":160,"categoria":"Portaria","situacao":"Em vigor","descricao":""},{"ementa":"Designa gestor e fiscal contratual da Prefeitura de \u00c1guas de S\u00e3o Pedro, referente ao Contrato n\u00ba 036\/2026, e d\u00e1 outras provid\u00eancias.","dataAtualizacao":"2026-03-27 07:40:11","dataInicioVigencia":"2026-03-26","dataFimVigencia":null,"data":"2026-03-26","numero":159,"categoria":"Portaria","situacao":"Em vigor","descricao":""},{"ementa":"Designa gestor e fiscal contratual da Prefeitura de \u00c1guas de S\u00e3o Pedro, referente ao Contrato n\u00ba 037\/2026, e d\u00e1 outras provid\u00eancias.","dataAtualizacao":"2026-03-27 07:40:00","dataInicioVigencia":"2026-03-26","dataFimVigencia":null,"data":"2026-03-26","numero":158,"categoria":"Portaria","situacao":"Em vigor","descricao":""},{"ementa":"Designa gestor e fiscal contratual da Prefeitura de \u00c1guas de S\u00e3o Pedro, referente aos Contratos n\u00ba 038 e 039\/2026, e d\u00e1 outras provid\u00eancias.","dataAtualizacao":"2026-03-27 07:39:50","dataInicioVigencia":"2026-03-26","dataFimVigencia":null,"data":"2026-03-26","numero":157,"categoria":"Portaria","situacao":"Em vigor","descricao":""},{"ementa":"Designa gestor e fiscal da Prefeitura de \u00c1guas de S\u00e3o Pedro, referentes \u00e0s atas de registro de pre\u00e7os n\u00ba 1A e 1B, Preg\u00e3o Presencial n\u00ba 01\/2026, e d\u00e1 outras provid\u00eancias.","dataAtualizacao":"2026-03-27 07:39:37","dataInicioVigencia":"2026-03-26","dataFimVigencia":null,"data":"2026-03-26","numero":156,"categoria":"Portaria","situacao":"Em vigor","descricao":""},{"ementa":"Abre no or\u00e7amento vigente cr\u00e9dito adicional suplementar R$ 109.259,98, e d\u00e1 outras provid\u00eancias.","dataAtualizacao":"2026-03-27 09:11:31","dataInicioVigencia":"2026-03-25","dataFimVigencia":null,"data":"2026-03-25","numero":6643,"categoria":"Decreto","situacao":"Em vigor","descricao":""},{"ementa":"Disp\u00f5e sobre o reajuste dos vencimentos dos servidores p\u00fablicos da C\u00e2mara de Vereadores de \u00c1guas de S\u00e3o Pedro e d\u00e1 outras provid\u00eancias.","dataAtualizacao":"2026-03-26 07:48:29","dataInicioVigencia":"2026-03-25","dataFimVigencia":null,"data":"2026-03-25","numero":2340,"categoria":"Lei Ordin\u00e1ria","situacao":"Em vigor","descricao":""},{"ementa":"Nomeia a Comiss\u00e3o de Acompanhamento do Leil\u00e3o n\u00ba 001\/2026, de bens m\u00f3veis e im\u00f3veis inserv\u00edveis de propriedade do Munic\u00edpio.","dataAtualizacao":"2026-03-26 07:48:19","dataInicioVigencia":"2026-03-25","dataFimVigencia":null,"data":"2026-03-25","numero":155,"categoria":"Portaria","situacao":"Em vigor","descricao":""},{"ementa":"Nomeia membros da Comiss\u00e3o de Apura\u00e7\u00e3o da Documenta\u00e7\u00e3o do Chamamento P\u00fablico n\u00ba 01\/2026 \u2013 5\u00ba Festival de Quadrilha Junina de \u00c1guas de S\u00e3o Pedro.","dataAtualizacao":"2026-03-26 07:48:08","dataInicioVigencia":"2026-03-25","dataFimVigencia":null,"data":"2026-03-25","numero":154,"categoria":"Portaria","situacao":"Em vigor","descricao":""},{"ementa":"Abre no or\u00e7amento vigente cr\u00e9dito adicional suplementar R$ 15.398,90, e d\u00e1 outras provid\u00eancias.","dataAtualizacao":"2026-03-25 07:41:28","dataInicioVigencia":"2026-03-24","dataFimVigencia":null,"data":"2026-03-24","numero":6642,"categoria":"Decreto","situacao":"Em vigor","descricao":""},{"ementa":"Exonera a pedido Ana Frederica Curcio, do cargo de Servi\u00e7os Gerais Feminino.","dataAtualizacao":"2026-03-25 07:40:47","dataInicioVigencia":"2026-03-23","dataFimVigencia":null,"data":"2026-03-24","numero":153,"categoria":"Portaria","situacao":"Em vigor","descricao":""},{"ementa":"Designa gestor e fiscal contratual da Prefeitura de \u00c1guas de S\u00e3o Pedro, referente ao Contrato n\u00ba 035\/2026, e d\u00e1 outras provid\u00eancias.","dataAtualizacao":"2026-03-24 07:48:32","dataInicioVigencia":"2026-03-23","dataFimVigencia":null,"data":"2026-03-23","numero":152,"categoria":"Portaria","situacao":"Em vigor","descricao":""},{"ementa":"Designa gestor e fiscal contratual da Prefeitura de \u00c1guas de S\u00e3o Pedro, referente ao Contrato n\u00ba 034\/2026, e d\u00e1 outras provid\u00eancias.","dataAtualizacao":"2026-03-24 07:48:21","dataInicioVigencia":"2026-03-23","dataFimVigencia":null,"data":"2026-03-23","numero":151,"categoria":"Portaria","situacao":"Em vigor","descricao":""},{"ementa":"Abre no or\u00e7amento vigente cr\u00e9dito adicional especial R$ 100.000,00, e d\u00e1 outras provid\u00eancias.","dataAtualizacao":"2026-03-20 10:05:48","dataInicioVigencia":"2026-03-20","dataFimVigencia":null,"data":"2026-03-20","numero":6641,"categoria":"Decreto","situacao":"Em vigor","descricao":""},{"ementa":"Disp\u00f5e sobre autoriza\u00e7\u00e3o ao Poder Executivo Municipal a proceder \u00e0 abertura de Cr\u00e9dito Adicional Especial na LOA 2026, em favor da Secretaria de Sa\u00fade, no valor de R$ 100.000,00 (cem mil reais), e d\u00e1 outras provid\u00eancias.","dataAtualizacao":"2026-03-20 10:05:38","dataInicioVigencia":"2026-03-20","dataFimVigencia":null,"data":"2026-03-20","numero":2339,"categoria":"Lei Ordin\u00e1ria","situacao":"Em vigor","descricao":""},{"ementa":"Disp\u00f5e sobre a revis\u00e3o geral anual dos vencimentos dos servidores efetivos e comissionados, extensivo aos inativos e pensionistas do quadro pessoal do Poder Executivo e Legislativo do Munic\u00edpio de \u00c1guas de S\u00e3o Pedro e d\u00e1 outras provid\u00eancias.","dataAtualizacao":"2026-03-20 10:05:29","dataInicioVigencia":"2026-03-01","dataFimVigencia":null,"data":"2026-03-20","numero":2338,"categoria":"Lei Ordin\u00e1ria","situacao":"Em vigor","descricao":""},{"ementa":"Designa gestor e fiscal contratual da Prefeitura de \u00c1guas de S\u00e3o Pedro, referente ao Contrato n\u00ba 033\/2026, e d\u00e1 outras provid\u00eancias.","dataAtualizacao":"2026-03-20 07:44:25","dataInicioVigencia":"2026-03-19","dataFimVigencia":null,"data":"2026-03-19","numero":150,"categoria":"Portaria","situacao":"Em vigor","descricao":""},{"ementa":"Transfere Paulino Ferreira de Castro Neto, da Secretaria de Turismo, Esportes e Termalismo para a Secretaria de Servi\u00e7os Urbanos e Meio Ambiente.","dataAtualizacao":"2026-03-20 07:44:06","dataInicioVigencia":"2026-03-17","dataFimVigencia":null,"data":"2026-03-19","numero":149,"categoria":"Portaria","situacao":"Em vigor","descricao":""},{"ementa":"Nomeia Diego Bartolo Heredia para o cargo de Auxiliar Administrativo.","dataAtualizacao":"2026-03-20 07:43:56","dataInicioVigencia":"2026-03-16","dataFimVigencia":null,"data":"2026-03-19","numero":148,"categoria":"Portaria","situacao":"Em vigor","descricao":""},{"ementa":"Nomeia Julia Baptista Berto para o cargo de Auxiliar Administrativo.","dataAtualizacao":"2026-03-20 07:43:47","dataInicioVigencia":"2026-03-17","dataFimVigencia":null,"data":"2026-03-19","numero":147,"categoria":"Portaria","situacao":"Em vigor","descricao":""},{"ementa":"Nomeia Jane da Silva para o cargo de Professor PEB I - Fundamental.","dataAtualizacao":"2026-03-20 07:43:29","dataInicioVigencia":"2026-03-17","dataFimVigencia":null,"data":"2026-03-19","numero":146,"categoria":"Portaria","situacao":"Em vigor","descricao":""},{"ementa":"Nomeia Rafaela Rocha Calado para o cargo de Monitor.","dataAtualizacao":"2026-03-20 07:43:17","dataInicioVigencia":"2026-03-16","dataFimVigencia":null,"data":"2026-03-19","numero":145,"categoria":"Portaria","situacao":"Em vigor","descricao":""},{"ementa":"Nomeia Antonia Caroline Dante Scaranello para o cargo de Monitor.","dataAtualizacao":"2026-03-20 07:43:06","dataInicioVigencia":"2026-03-17","dataFimVigencia":null,"data":"2026-03-19","numero":144,"categoria":"Portaria","situacao":"Em vigor","descricao":""},{"ementa":"Institui o Regimento Interno do Conselho Municipal de Usu\u00e1rios dos Servi\u00e7os P\u00fablicos.","dataAtualizacao":"2026-03-19 07:41:42","dataInicioVigencia":"2026-03-18","dataFimVigencia":null,"data":"2026-03-18","numero":6640,"categoria":"Decreto","situacao":"Em vigor","descricao":""},{"ementa":"Abre no or\u00e7amento vigente cr\u00e9dito adicional suplementar R$ 102.610,71, e d\u00e1 outras provid\u00eancias.","dataAtualizacao":"2026-03-19 07:41:21","dataInicioVigencia":"2026-03-18","dataFimVigencia":null,"data":"2026-03-18","numero":6639,"categoria":"Decreto","situacao":"Em vigor","descricao":""},{"ementa":"Nomeia Francisco Jos\u00e9 Barros Sabino para o cargo de Auxiliar Administrativo.","dataAtualizacao":"2026-03-19 07:42:50","dataInicioVigencia":"2026-03-16","dataFimVigencia":null,"data":"2026-03-18","numero":143,"categoria":"Portaria","situacao":"Em vigor","descricao":""},{"ementa":"Exonera a pedido Jorge Willian Silva de Oliveira, do cargo de Servi\u00e7os Gerais Masculino.","dataAtualizacao":"2026-03-19 07:42:30","dataInicioVigencia":"2026-03-17","dataFimVigencia":null,"data":"2026-03-18","numero":142,"categoria":"Portaria","situacao":"Em vigor","descricao":""},{"ementa":"Exonera a pedido Antonia Caroline Dante Scaranello, do cargo de Coordenador de Unidade Administrativa.","dataAtualizacao":"2026-03-19 07:42:20","dataInicioVigencia":"2026-03-16","dataFimVigencia":null,"data":"2026-03-18","numero":141,"categoria":"Portaria","situacao":"Em vigor","descricao":""},{"ementa":"Exonera a pedido Julia Baptista Berto, do cargo de Assessor de Ampla Assist\u00eancia.","dataAtualizacao":"2026-03-19 07:42:09","dataInicioVigencia":"2026-03-16","dataFimVigencia":null,"data":"2026-03-18","numero":140,"categoria":"Portaria","situacao":"Em vigor","descricao":""},{"ementa":"Abre no or\u00e7amento vigente cr\u00e9dito adicional suplementar  R$ 21.258,25, e d\u00e1 outras provid\u00eancias.","dataAtualizacao":"2026-03-18 07:43:00","dataInicioVigencia":"2026-03-17","dataFimVigencia":null,"data":"2026-03-17","numero":6638,"categoria":"Decreto","situacao":"Em vigor","descricao":""},{"ementa":"Designa gestor e fiscal contratual da Prefeitura de \u00c1guas de S\u00e3o Pedro, referente ao Contrato n\u00ba 032\/2026, e d\u00e1 outras provid\u00eancias.","dataAtualizacao":"2026-03-18 07:44:24","dataInicioVigencia":"2026-03-17","dataFimVigencia":null,"data":"2026-03-17","numero":139,"categoria":"Portaria","situacao":"Em vigor","descricao":""},{"ementa":"Exonera a pedido Anderson Teixeira dos Santos, do cargo de Servi\u00e7os Gerais Masculino.","dataAtualizacao":"2026-03-18 07:44:14","dataInicioVigencia":"2026-03-16","dataFimVigencia":null,"data":"2026-03-17","numero":138,"categoria":"Portaria","situacao":"Em vigor","descricao":""},{"ementa":"Revoga a Portaria n\u00ba 185, de 19 de julho de 2022, que designou servidora efetiva para o exerc\u00edcio do cargo de Auxiliar Administrativo.","dataAtualizacao":"2026-03-18 07:44:04","dataInicioVigencia":"2026-03-16","dataFimVigencia":null,"data":"2026-03-17","numero":137,"categoria":"Portaria","situacao":"Em vigor","descricao":""},{"ementa":"Revoga a Portaria n\u00ba 186, de 19 de julho de 2022, que designou servidora efetiva para o exerc\u00edcio do cargo de Auxiliar Administrativo.","dataAtualizacao":"2026-03-18 07:43:53","dataInicioVigencia":"2026-03-16","dataFimVigencia":null,"data":"2026-03-17","numero":136,"categoria":"Portaria","situacao":"Em vigor","descricao":""},{"ementa":"Revoga a Portaria n\u00ba 112, de 17 de maio de 2021, que designou servidor efetivo para o exerc\u00edcio do cargo de Auxiliar Administrativo.","dataAtualizacao":"2026-03-18 07:43:42","dataInicioVigencia":"2026-03-16","dataFimVigencia":null,"data":"2026-03-17","numero":135,"categoria":"Portaria","situacao":"Em vigor","descricao":""},{"ementa":"Designa gestor e fiscal contratual da Prefeitura de \u00c1guas de S\u00e3o Pedro, referente ao Contrato n\u00ba 031\/2026, e d\u00e1 outras provid\u00eancias.","dataAtualizacao":"2026-03-18 07:43:33","dataInicioVigencia":"2026-03-17","dataFimVigencia":null,"data":"2026-03-17","numero":134,"categoria":"Portaria","situacao":"Em vigor","descricao":""},{"ementa":"Designa gestor e fiscal contratual da Prefeitura de \u00c1guas de S\u00e3o Pedro, referente ao Contrato n\u00ba 030\/2026, e d\u00e1 outras provid\u00eancias.","dataAtualizacao":"2026-03-18 07:43:22","dataInicioVigencia":"2026-03-17","dataFimVigencia":null,"data":"2026-03-17","numero":133,"categoria":"Portaria","situacao":"Em vigor","descricao":""},{"ementa":"Abre no or\u00e7amento vigente cr\u00e9dito adicional suplementar R$ 24.790,35, e d\u00e1 outras provid\u00eancias.","dataAtualizacao":"2026-03-17 07:37:29","dataInicioVigencia":"2026-03-16","dataFimVigencia":null,"data":"2026-03-16","numero":6637,"categoria":"Decreto","situacao":"Em vigor","descricao":""},{"ementa":"Disp\u00f5e sobre a implanta\u00e7\u00e3o do fluxograma dos processos de permissionamento ou de permiss\u00e3o de uso de espa\u00e7o p\u00fablico, define crit\u00e9rios para caracteriza\u00e7\u00e3o das \u00e1reas permissionadas e para o c\u00e1lculo da remunera\u00e7\u00e3o pelo uso do espa\u00e7o p\u00fablico, e d\u00e1 outras provid\u00eancias.","dataAtualizacao":"2026-03-17 07:36:52","dataInicioVigencia":"2026-01-01","dataFimVigencia":null,"data":"2026-03-16","numero":6636,"categoria":"Decreto","situacao":"Em vigor","descricao":""},{"ementa":"Altera as Lei Complementares n\u00ba 22 e 23\/1999 e d\u00e1 outras provid\u00eancias.","dataAtualizacao":"2026-03-17 07:36:15","dataInicioVigencia":"2026-03-16","dataFimVigencia":null,"data":"2026-03-16","numero":190,"categoria":"Lei Complementar","situacao":"Em vigor","descricao":""},{"ementa":"Institui o Programa de Recupera\u00e7\u00e3o Fiscal \u2013 REFIS no Munic\u00edpio de \u00c1guas de S\u00e3o Pedro e d\u00e1 outras provid\u00eancias.","dataAtualizacao":"2026-03-17 07:36:05","dataInicioVigencia":"2026-03-16","dataFimVigencia":null,"data":"2026-03-16","numero":189,"categoria":"Lei Complementar","situacao":"Em vigor","descricao":""},{"ementa":"Concede licen\u00e7a-pr\u00eamio ao servidor efetivo Nattan Fernando Barbom, Agente Comunit\u00e1rio de Sa\u00fade.","dataAtualizacao":"2026-03-17 07:38:14","dataInicioVigencia":"2026-03-19","dataFimVigencia":"2026-04-17","data":"2026-03-16","numero":130,"categoria":"Portaria","situacao":"Em vigor","descricao":""},{"ementa":"Exonera a pedido J\u00e9ssica Pallu Penha, do cargo de Agente Cuidador.","dataAtualizacao":"2026-03-17 07:38:01","dataInicioVigencia":"2026-03-13","dataFimVigencia":null,"data":"2026-03-16","numero":129,"categoria":"Portaria","situacao":"Em vigor","descricao":""},{"ementa":"Abre no or\u00e7amento vigente cr\u00e9dito adicional especial R$ 18.054,88, e d\u00e1 outras provid\u00eancias.","dataAtualizacao":"2026-03-16 07:45:48","dataInicioVigencia":"2026-03-13","dataFimVigencia":null,"data":"2026-03-13","numero":6635,"categoria":"Decreto","situacao":"Em vigor","descricao":""},{"ementa":"Abre no or\u00e7amento vigente cr\u00e9dito adicional especial R$ 51.382,98, e d\u00e1 outras provid\u00eancias.","dataAtualizacao":"2026-03-16 07:45:02","dataInicioVigencia":"2026-03-13","dataFimVigencia":null,"data":"2026-03-13","numero":6634,"categoria":"Decreto","situacao":"Em vigor","descricao":""},{"ementa":"Abre no or\u00e7amento vigente cr\u00e9dito adicional suplementar R$ 49.066,63, e d\u00e1 outras provid\u00eancias.","dataAtualizacao":"2026-03-16 07:43:56","dataInicioVigencia":"2026-03-13","dataFimVigencia":null,"data":"2026-03-13","numero":6633,"categoria":"Decreto","situacao":"Em vigor","descricao":""},{"ementa":"Cria vagas para cargos efetivos e altera o anexo I da Lei n\u00ba 1.911 de 02 de dezembro de 2019 e d\u00e1 outras provid\u00eancias.","dataAtualizacao":"2026-03-16 07:42:17","dataInicioVigencia":"2026-03-13","dataFimVigencia":null,"data":"2026-03-13","numero":2337,"categoria":"Lei Ordin\u00e1ria","situacao":"Em vigor","descricao":""},{"ementa":"Disp\u00f5e sobre autoriza\u00e7\u00e3o ao Poder Executivo Municipal a proceder \u00e0 abertura de Cr\u00e9dito Adicional Especial na LOA 2026, em favor da Secretaria de Obras, no valor de R$ 18.054,88 (dezoito mil, cinquenta e quatro reais e oitenta e oito centavos), e d\u00e1 outras provid\u00eancias.","dataAtualizacao":"2026-03-16 07:41:55","dataInicioVigencia":"2026-03-13","dataFimVigencia":null,"data":"2026-03-13","numero":2336,"categoria":"Lei Ordin\u00e1ria","situacao":"Em vigor","descricao":""},{"ementa":"Disp\u00f5e sobre autoriza\u00e7\u00e3o ao Poder Executivo Municipal a proceder \u00e0 abertura de Cr\u00e9dito Adicional Especial na LOA 2026, em favor da Secretaria de Educa\u00e7\u00e3o e Cultura, no valor de R$ 51.382,98 (cinquenta e um mil, trezentos e oitenta e dois reais e noventa e oito centavos), e d\u00e1 outras provid\u00eancias.","dataAtualizacao":"2026-03-16 07:41:31","dataInicioVigencia":"2026-03-13","dataFimVigencia":null,"data":"2026-03-13","numero":2335,"categoria":"Lei Ordin\u00e1ria","situacao":"Em vigor","descricao":""},{"ementa":"Designa Alex Sandro Benedito Leme para o cargo de Operador de M\u00e1quina.","dataAtualizacao":"2026-03-16 07:46:41","dataInicioVigencia":"2026-03-02","dataFimVigencia":null,"data":"2026-03-13","numero":128,"categoria":"Portaria","situacao":"Em vigor","descricao":""},{"ementa":"Concede licen\u00e7a-pr\u00eamio \u00e0 servidora efetiva Ketlyn Ribeiro Morato, Servi\u00e7os Gerais Feminino.","dataAtualizacao":"2026-03-16 07:46:30","dataInicioVigencia":"2026-03-20","dataFimVigencia":"2026-04-03","data":"2026-03-13","numero":127,"categoria":"Portaria","situacao":"Em vigor","descricao":""},{"ementa":"Designa gestor e fiscal contratual da Prefeitura de \u00c1guas de S\u00e3o Pedro, referente ao Contrato n\u00ba 029\/2026, e d\u00e1 outras provid\u00eancias.","dataAtualizacao":"2026-03-13 07:39:28","dataInicioVigencia":"2026-03-12","dataFimVigencia":null,"data":"2026-03-12","numero":126,"categoria":"Portaria","situacao":"Em vigor","descricao":""},{"ementa":"Abre no or\u00e7amento vigente cr\u00e9dito adicional suplementar R$ 3.676,56, e d\u00e1 outras provid\u00eancias.","dataAtualizacao":"2026-03-12 11:04:55","dataInicioVigencia":"2026-02-27","dataFimVigencia":null,"data":"2026-02-27","numero":6623,"categoria":"Decreto","situacao":"Em vigor","descricao":""},{"ementa":"Designa o servidor efetivo Luiz Filipe Alves Arthur para o exerc\u00edcio de fun\u00e7\u00e3o gratificada.","dataAtualizacao":"2026-02-27 11:54:00","dataInicioVigencia":"2026-02-25","dataFimVigencia":null,"data":"2026-02-27","numero":91,"categoria":"Portaria","situacao":"Em vigor","descricao":""},{"ementa":"Designa a servidora efetiva Kelly Cristina Bellegarde Moretti para o exerc\u00edcio de fun\u00e7\u00e3o gratificada.","dataAtualizacao":"2026-02-27 11:53:47","dataInicioVigencia":"2026-02-25","dataFimVigencia":null,"data":"2026-02-27","numero":90,"categoria":"Portaria","situacao":"Em vigor","descricao":""},{"ementa":"Designa a servidora efetiva Fernanda Milani para o exerc\u00edcio de fun\u00e7\u00e3o gratificada.","dataAtualizacao":"2026-02-27 11:53:33","dataInicioVigencia":"2026-02-25","dataFimVigencia":null,"data":"2026-02-27","numero":89,"categoria":"Portaria","situacao":"Em vigor","descricao":""},{"ementa":"Concede Gratifica\u00e7\u00e3o por Produtividade e Resultados \u2013 GPR \u00e0 servidora efetiva Silvana Gon\u00e7alves Bontorim.","dataAtualizacao":"2026-02-27 11:53:21","dataInicioVigencia":"2026-02-25","dataFimVigencia":null,"data":"2026-02-27","numero":88,"categoria":"Portaria","situacao":"Em vigor","descricao":""},{"ementa":"Designa o servidor efetivo Antonio Sergio Antunes para o exerc\u00edcio de fun\u00e7\u00e3o gratificada.","dataAtualizacao":"2026-02-27 11:53:07","dataInicioVigencia":"2026-02-25","dataFimVigencia":null,"data":"2026-02-27","numero":87,"categoria":"Portaria","situacao":"Em vigor","descricao":""},{"ementa":"Designa a servidora efetiva Alessandra Pinto Pereira para o exerc\u00edcio de fun\u00e7\u00e3o gratificada.","dataAtualizacao":"2026-02-27 11:52:54","dataInicioVigencia":"2026-02-25","dataFimVigencia":null,"data":"2026-02-27","numero":86,"categoria":"Portaria","situacao":"Em vigor","descricao":""},{"ementa":"Concede licen\u00e7a-pr\u00eamio \u00e0 servidora efetiva Vanessa Cristina Barboza, Oficial de Administra\u00e7\u00e3o III.","dataAtualizacao":"2026-02-27 12:46:29","dataInicioVigencia":"2026-03-02","dataFimVigencia":"2026-03-16","data":"2026-02-27","numero":85,"categoria":"Portaria","situacao":"Em vigor","descricao":""},{"ementa":"Nomeia Silvia Maria Laczynski para o cargo de Auxiliar Administrativo.","dataAtualizacao":"2026-02-27 11:52:23","dataInicioVigencia":"2026-02-23","dataFimVigencia":null,"data":"2026-02-27","numero":84,"categoria":"Portaria","situacao":"Em vigor","descricao":""},{"ementa":"Designa gestor e fiscal contratual da Prefeitura de \u00c1guas de S\u00e3o Pedro, referente ao Contrato n\u00ba 023\/2026, e d\u00e1 outras provid\u00eancias.","dataAtualizacao":"2026-02-27 11:52:06","dataInicioVigencia":"2026-02-27","dataFimVigencia":null,"data":"2026-02-27","numero":83,"categoria":"Portaria","situacao":"Em vigor","descricao":""},{"ementa":"Designa gestor e fiscal contratual da Prefeitura de \u00c1guas de S\u00e3o Pedro, referente ao Contrato n\u00ba 022\/2026, e d\u00e1 outras provid\u00eancias.","dataAtualizacao":"2026-02-27 11:51:50","dataInicioVigencia":"2026-02-27","dataFimVigencia":null,"data":"2026-02-27","numero":82,"categoria":"Portaria","situacao":"Em vigor","descricao":""},{"ementa":"Concede licen\u00e7a-pr\u00eamio ao servidor efetivo Edinei Rodrigues Siqueira, T\u00e9cnico de Enfermagem.","dataAtualizacao":"2026-02-27 07:41:42","dataInicioVigencia":"2026-04-01","dataFimVigencia":"2026-04-30","data":"2026-02-26","numero":81,"categoria":"Portaria","situacao":"Em vigor","descricao":""},{"ementa":"Abre no or\u00e7amento vigente cr\u00e9dito adicional suplementar R$ 40.316,30, e d\u00e1 outras provid\u00eancias.","dataAtualizacao":"2026-02-26 07:49:44","dataInicioVigencia":"2026-02-25","dataFimVigencia":null,"data":"2026-02-25","numero":6622,"categoria":"Decreto","situacao":"Em vigor","descricao":""},{"ementa":"Cria vaga, gratifica\u00e7\u00e3o e fun\u00e7\u00f5es gratificadas, altera os anexos I, VII e VIII da Lei n\u00ba 1.911, de 02 de dezembro de 2019 e d\u00e1 outras provid\u00eancias.","dataAtualizacao":"2026-02-26 08:12:17","dataInicioVigencia":"2026-02-25","dataFimVigencia":null,"data":"2026-02-25","numero":2334,"categoria":"Lei Ordin\u00e1ria","situacao":"Em vigor","descricao":""},{"ementa":"Prorroga o contrato de Marta Aparecida da Silva Gomes, cargo de Atendente Hospitalar.","dataAtualizacao":"2026-02-26 08:01:17","dataInicioVigencia":"2026-02-01","dataFimVigencia":"2026-06-01","data":"2026-02-25","numero":80,"categoria":"Portaria","situacao":"Em vigor","descricao":""},{"ementa":"Nomeia Vivian Cristina D\u2019Aloisio Mercadante de Lima para o cargo de Assessor de Ampla Assist\u00eancia.","dataAtualizacao":"2026-02-26 08:01:06","dataInicioVigencia":"2026-02-09","dataFimVigencia":null,"data":"2026-02-25","numero":79,"categoria":"Portaria","situacao":"Em vigor","descricao":""},{"ementa":"Nomeia Matheus Daniel Gimenes para o cargo de Coordenador de Unidade Administrativa.","dataAtualizacao":"2026-02-26 08:00:55","dataInicioVigencia":"2026-02-19","dataFimVigencia":null,"data":"2026-02-25","numero":78,"categoria":"Portaria","situacao":"Em vigor","descricao":""},{"ementa":"Designa gestor e fiscal contratual da Prefeitura de \u00c1guas de S\u00e3o Pedro, referente ao Contrato n\u00ba 021\/2026, e d\u00e1 outras provid\u00eancias.","dataAtualizacao":"2026-02-26 08:00:43","dataInicioVigencia":"2026-02-25","dataFimVigencia":null,"data":"2026-02-25","numero":77,"categoria":"Portaria","situacao":"Em vigor","descricao":""},{"ementa":"Designa gestor e fiscal contratual da Prefeitura de \u00c1guas de S\u00e3o Pedro, referente ao Contrato n\u00ba 020\/2026, e d\u00e1 outras provid\u00eancias.","dataAtualizacao":"2026-02-26 08:00:33","dataInicioVigencia":"2026-02-25","dataFimVigencia":null,"data":"2026-02-25","numero":76,"categoria":"Portaria","situacao":"Em vigor","descricao":""},{"ementa":"Designa gestor e fiscal contratual da Prefeitura de \u00c1guas de S\u00e3o Pedro, referente ao Contrato n\u00ba 019\/2026, e d\u00e1 outras provid\u00eancias.","dataAtualizacao":"2026-02-26 08:00:20","dataInicioVigencia":"2026-02-25","dataFimVigencia":null,"data":"2026-02-25","numero":75,"categoria":"Portaria","situacao":"Em vigor","descricao":""},{"ementa":"Abre no or\u00e7amento vigente cr\u00e9dito adicional suplementar R$ 6.788,68, e d\u00e1 outras provid\u00eancias.","dataAtualizacao":"2026-02-26 07:50:10","dataInicioVigencia":"2026-02-24","dataFimVigencia":null,"data":"2026-02-24","numero":6621,"categoria":"Decreto","situacao":"Em vigor","descricao":""},{"ementa":"Revoga o Decreto n\u00ba 6.511, de 1\u00ba de outubro de 2025, e disp\u00f5e sobre a nomea\u00e7\u00e3o de membros do Conselho Municipal de Saneamento B\u00e1sico \u2013 CMSB.","dataAtualizacao":"2026-02-25 07:41:28","dataInicioVigencia":"2026-02-24","dataFimVigencia":null,"data":"2026-02-24","numero":6620,"categoria":"Decreto","situacao":"Em vigor","descricao":""},{"ementa":"Revoga a Portaria n\u00ba 057, de 03 de fevereiro de 2026, que concedeu licen\u00e7a-pr\u00eamio ao servidor Alex Sandro Benedito Leme.","dataAtualizacao":"2026-02-25 07:41:17","dataInicioVigencia":"2026-02-23","dataFimVigencia":null,"data":"2026-02-24","numero":74,"categoria":"Portaria","situacao":"Em vigor","descricao":""},{"ementa":"Prorroga o contrato de Willian Ribeiro Jacinto, cargo de Cozinheiro.","dataAtualizacao":"2026-02-25 07:41:04","dataInicioVigencia":"2026-02-14","dataFimVigencia":"2026-08-13","data":"2026-02-24","numero":73,"categoria":"Portaria","situacao":"Em vigor","descricao":""},{"ementa":"Altera e suspende o expediente da Administra\u00e7\u00e3o P\u00fablica Municipal nos setores e no per\u00edodo que especifica.","dataAtualizacao":"2026-02-24 07:41:16","dataInicioVigencia":"2026-03-05","dataFimVigencia":"2026-03-05","data":"2026-02-23","numero":6619,"categoria":"Decreto","situacao":"Em vigor","descricao":""},{"ementa":"Abre no or\u00e7amento vigente cr\u00e9dito adicional suplementar R$ 118.321,50, e d\u00e1 outras provid\u00eancias.","dataAtualizacao":"2026-02-23 07:43:14","dataInicioVigencia":"2026-02-20","dataFimVigencia":null,"data":"2026-02-20","numero":6618,"categoria":"Decreto","situacao":"Em vigor","descricao":""},{"ementa":"Designa gestor e fiscal contratual da Prefeitura de \u00c1guas de S\u00e3o Pedro, referente ao Contrato n\u00ba 018\/2026, e d\u00e1 outras provid\u00eancias.","dataAtualizacao":"2026-02-23 07:42:36","dataInicioVigencia":"2026-02-20","dataFimVigencia":null,"data":"2026-02-20","numero":72,"categoria":"Portaria","situacao":"Em vigor","descricao":""},{"ementa":"Designa gestor e fiscal contratual da Prefeitura de \u00c1guas de S\u00e3o Pedro, referente ao Contrato n\u00ba 017\/2026, e d\u00e1 outras provid\u00eancias.","dataAtualizacao":"2026-02-23 07:42:24","dataInicioVigencia":"2026-02-20","dataFimVigencia":null,"data":"2026-02-20","numero":71,"categoria":"Portaria","situacao":"Em vigor","descricao":""},{"ementa":"Abre no or\u00e7amento vigente cr\u00e9dito adicional suplementar R$ 101.750,00, e d\u00e1 outras provid\u00eancias.","dataAtualizacao":"2026-02-20 07:39:07","dataInicioVigencia":"2026-02-12","dataFimVigencia":null,"data":"2026-02-19","numero":6617,"categoria":"Decreto","situacao":"Em vigor","descricao":""},{"ementa":"Exonera a pedido Rodrigo Pizarro Saad, do cargo de Servi\u00e7os Gerais Masculino.","dataAtualizacao":"2026-02-20 07:38:27","dataInicioVigencia":"2026-02-11","dataFimVigencia":null,"data":"2026-02-19","numero":70,"categoria":"Portaria","situacao":"Em vigor","descricao":""},{"ementa":"Nomeia Fabiana Silva Bandeira para o cargo de Professor PEB I - Educa\u00e7\u00e3o Art\u00edstica.","dataAtualizacao":"2026-02-20 07:38:13","dataInicioVigencia":"2026-02-04","dataFimVigencia":"2026-08-02","data":"2026-02-19","numero":69,"categoria":"Portaria","situacao":"Em vigor","descricao":""},{"ementa":"Nomeia Samanta Cristina Pimentel de Moraes para o cargo de Monitor.","dataAtualizacao":"2026-02-20 07:38:00","dataInicioVigencia":"2026-02-09","dataFimVigencia":null,"data":"2026-02-19","numero":68,"categoria":"Portaria","situacao":"Em vigor","descricao":""},{"ementa":"Nomeia Helena Ketty Rodrigues de Carvalho para o cargo de Monitor.","dataAtualizacao":"2026-02-20 07:37:49","dataInicioVigencia":"2026-02-09","dataFimVigencia":null,"data":"2026-02-19","numero":67,"categoria":"Portaria","situacao":"Em vigor","descricao":""},{"ementa":"Nomeia Kacyumara Aparecida Benedito Adorno para o cargo de Servi\u00e7os Gerais Feminino.","dataAtualizacao":"2026-02-20 07:37:38","dataInicioVigencia":"2026-02-02","dataFimVigencia":null,"data":"2026-02-19","numero":66,"categoria":"Portaria","situacao":"Em vigor","descricao":""},{"ementa":"Abre no or\u00e7amento vigente cr\u00e9dito adicional suplementar R$ 260,00, e d\u00e1 outras provid\u00eancias.","dataAtualizacao":"2026-02-19 07:45:17","dataInicioVigencia":"2026-02-13","dataFimVigencia":null,"data":"2026-02-13","numero":6616,"categoria":"Decreto","situacao":"Em vigor","descricao":""},{"ementa":"Abre no or\u00e7amento vigente cr\u00e9dito adicional suplementar R$ 192.681,24, e d\u00e1 outras provid\u00eancias.","dataAtualizacao":"2026-02-13 07:40:26","dataInicioVigencia":"2026-02-12","dataFimVigencia":null,"data":"2026-02-12","numero":6615,"categoria":"Decreto","situacao":"Em vigor","descricao":""},{"ementa":"Abre no or\u00e7amento vigente cr\u00e9dito adicional especial R$ 1.710.722,04, e d\u00e1 outras provid\u00eancias.","dataAtualizacao":"2026-02-13 07:39:26","dataInicioVigencia":"2026-02-12","dataFimVigencia":null,"data":"2026-02-12","numero":6614,"categoria":"Decreto","situacao":"Em vigor","descricao":""},{"ementa":"Abre no or\u00e7amento vigente cr\u00e9dito adicional especial R$ 247.500,00, e d\u00e1 outras provid\u00eancias.","dataAtualizacao":"2026-02-13 07:39:15","dataInicioVigencia":"2026-02-12","dataFimVigencia":null,"data":"2026-02-12","numero":6613,"categoria":"Decreto","situacao":"Em vigor","descricao":""},{"ementa":"Abre no or\u00e7amento vigente cr\u00e9dito adicional especial R$ 79.977,60, e d\u00e1 outras provid\u00eancias.","dataAtualizacao":"2026-02-13 07:39:03","dataInicioVigencia":"2026-02-12","dataFimVigencia":null,"data":"2026-02-12","numero":6612,"categoria":"Decreto","situacao":"Em vigor","descricao":""},{"ementa":"Abre no or\u00e7amento vigente cr\u00e9dito adicional especial R$ 5.391.436,50, e d\u00e1 outras provid\u00eancias.","dataAtualizacao":"2026-02-13 07:38:44","dataInicioVigencia":"2026-02-12","dataFimVigencia":null,"data":"2026-02-12","numero":6611,"categoria":"Decreto","situacao":"Em vigor","descricao":""},{"ementa":"Disp\u00f5e sobre autoriza\u00e7\u00e3o ao Poder Executivo Municipal a proceder \u00e0 abertura de Cr\u00e9dito Adicional Especial e Suplementar na LOA 2026, no valor de R$ 1.710.722,04 (um milh\u00e3o, setecentos e dez mil, setecentos e vinte e dois reais e quatro centavos), e d\u00e1 outras provid\u00eancias.","dataAtualizacao":"2026-02-13 07:37:29","dataInicioVigencia":"2026-02-12","dataFimVigencia":null,"data":"2026-02-12","numero":2333,"categoria":"Lei Ordin\u00e1ria","situacao":"Em vigor","descricao":""},{"ementa":"Disp\u00f5e sobre autoriza\u00e7\u00e3o ao Poder Executivo Municipal a proceder \u00e0 abertura de Cr\u00e9dito Adicional Especial na LOA 2026, em favor da Secretaria de Seguran\u00e7a P\u00fablica, no valor de R$ 247.500,00 (duzentos e quarenta e sete mil e quinhentos reais), e d\u00e1 outras provid\u00eancias.","dataAtualizacao":"2026-02-13 07:37:18","dataInicioVigencia":"2026-02-12","dataFimVigencia":null,"data":"2026-02-12","numero":2332,"categoria":"Lei Ordin\u00e1ria","situacao":"Em vigor","descricao":""},{"ementa":"Disp\u00f5e sobre autoriza\u00e7\u00e3o ao Poder Executivo Municipal a proceder \u00e0 abertura de Cr\u00e9dito Adicional Especial na LOA 2026, em favor da Secretaria de Educa\u00e7\u00e3o e Cultura, no valor de R$ 79.977,60 (setenta e nove mil, novecentos e setenta e sete reais e sessenta centavos), e d\u00e1 outras provid\u00eancias.","dataAtualizacao":"2026-02-13 07:37:07","dataInicioVigencia":"2026-02-12","dataFimVigencia":null,"data":"2026-02-12","numero":2331,"categoria":"Lei Ordin\u00e1ria","situacao":"Em vigor","descricao":""},{"ementa":"Disp\u00f5e sobre autoriza\u00e7\u00e3o ao Poder Executivo Municipal a proceder \u00e0 abertura de Cr\u00e9dito Adicional Especial na LOA 2026, em favor da Secretaria de Servi\u00e7os Urbanos e Meio Ambiente, no valor de R$ 5.391.436,50 (cinco milh\u00f5es, trezentos e noventa e um mil, quatrocentos e trinta e seis reais e cinquenta centavos), e d\u00e1 outras provid\u00eancias.","dataAtualizacao":"2026-02-13 07:36:55","dataInicioVigencia":"2026-02-12","dataFimVigencia":null,"data":"2026-02-12","numero":2330,"categoria":"Lei Ordin\u00e1ria","situacao":"Em vigor","descricao":""},{"ementa":"Designa gestor e fiscal contratual da Prefeitura de \u00c1guas de S\u00e3o Pedro, referente ao Contrato n\u00ba 016\/2026, e d\u00e1 outras provid\u00eancias.","dataAtualizacao":"2026-02-13 07:36:44","dataInicioVigencia":"2026-02-12","dataFimVigencia":null,"data":"2026-02-12","numero":65,"categoria":"Portaria","situacao":"Em vigor","descricao":""},{"ementa":"Designa gestor e fiscal contratual da Prefeitura de \u00c1guas de S\u00e3o Pedro, referente aos Contratos n\u00ba 006,007,008,009,010,011,012,013,014 e 015\/2026, e d\u00e1 outras provid\u00eancias.","dataAtualizacao":"2026-02-13 07:36:34","dataInicioVigencia":"2026-02-12","dataFimVigencia":null,"data":"2026-02-12","numero":64,"categoria":"Portaria","situacao":"Em vigor","descricao":""},{"ementa":"Abre no or\u00e7amento vigente cr\u00e9dito adicional suplementar R$ 4.139,92, e d\u00e1 outras provid\u00eancias.","dataAtualizacao":"2026-02-12 07:45:17","dataInicioVigencia":"2026-02-11","dataFimVigencia":null,"data":"2026-02-11","numero":6610,"categoria":"Decreto","situacao":"Em vigor","descricao":""},{"ementa":"Disp\u00f5e sobre as diretrizes e proibi\u00e7\u00f5es tempor\u00e1rias para festividades do Carnaval de 2026.","dataAtualizacao":"2026-02-12 07:40:47","dataInicioVigencia":"2026-02-13","dataFimVigencia":"2026-02-18","data":"2026-02-11","numero":6609,"categoria":"Decreto","situacao":"Em vigor","descricao":""},{"ementa":"Abre no or\u00e7amento vigente cr\u00e9dito adicional suplementar R$ 295,00, e d\u00e1 outras provid\u00eancias.","dataAtualizacao":"2026-02-12 07:40:34","dataInicioVigencia":"2026-02-10","dataFimVigencia":null,"data":"2026-02-10","numero":6608,"categoria":"Decreto","situacao":"Em vigor","descricao":""},{"ementa":"Exonera a pedido Lais Lopes Tempobono, do cargo de Professor PEB I - Fundamental.","dataAtualizacao":"2026-02-12 07:40:25","dataInicioVigencia":"2026-02-04","dataFimVigencia":null,"data":"2026-02-10","numero":63,"categoria":"Portaria","situacao":"Em vigor","descricao":""},{"ementa":"Exonera a pedido Vit\u00f3ria Nunes da Silva, do cargo de Agente Cuidador.","dataAtualizacao":"2026-02-10 07:45:02","dataInicioVigencia":"2026-01-30","dataFimVigencia":null,"data":"2026-02-09","numero":62,"categoria":"Portaria","situacao":"Em vigor","descricao":""},{"ementa":"Abre no or\u00e7amento vigente cr\u00e9dito adicional suplementar R$ 14.848,71, e d\u00e1 outras provid\u00eancias.","dataAtualizacao":"2026-02-09 07:59:41","dataInicioVigencia":"2026-02-05","dataFimVigencia":null,"data":"2026-02-06","numero":6607,"categoria":"Decreto","situacao":"Em vigor","descricao":""},{"ementa":"Nomeia a Sra. Maria Helena Monogatti Lackner, para atuar como defensora dativa em Processo Administrativo Disciplinar.","dataAtualizacao":"2026-02-09 08:03:03","dataInicioVigencia":"2026-02-06","dataFimVigencia":null,"data":"2026-02-06","numero":61,"categoria":"Portaria","situacao":"Em vigor","descricao":""},{"ementa":"Designa gestor e fiscal contratual da Prefeitura de \u00c1guas de S\u00e3o Pedro, referente ao Contrato n\u00ba 005\/2026, e d\u00e1 outras provid\u00eancias.","dataAtualizacao":"2026-02-09 07:58:22","dataInicioVigencia":"2026-02-06","dataFimVigencia":null,"data":"2026-02-06","numero":60,"categoria":"Portaria","situacao":"Em vigor","descricao":""},{"ementa":"Decreta ponto facultativo nos dias que especifica para o exerc\u00edcio de 2026.","dataAtualizacao":"2026-02-06 07:36:08","dataInicioVigencia":"2026-01-01","dataFimVigencia":"2026-12-31","data":"2026-02-05","numero":6606,"categoria":"Decreto","situacao":"Em vigor","descricao":""},{"ementa":"Suspende o expediente na Piscina Municipal \u201cProfessor Valdecir Luiz Fachi\u201d no per\u00edodo que especifica.","dataAtualizacao":"2026-02-06 07:35:58","dataInicioVigencia":"2026-02-16","dataFimVigencia":"2026-02-20","data":"2026-02-05","numero":6605,"categoria":"Decreto","situacao":"Em vigor","descricao":""},{"ementa":"Decreta ponto facultativo nos dias que especifica, em raz\u00e3o do Carnaval de 2026.","dataAtualizacao":"2026-02-06 07:35:46","dataInicioVigencia":"2026-02-16","dataFimVigencia":"2026-02-18","data":"2026-02-05","numero":6604,"categoria":"Decreto","situacao":"Em vigor","descricao":""},{"ementa":"Nomeia Thalia Beck para o cargo de Agente Cuidador.","dataAtualizacao":"2026-02-06 07:34:50","dataInicioVigencia":"2026-02-02","dataFimVigencia":null,"data":"2026-02-05","numero":59,"categoria":"Portaria","situacao":"Em vigor","descricao":""},{"ementa":"Abre no or\u00e7amento vigente cr\u00e9dito adicional suplementar R$ 7.668,54, e d\u00e1 outras provid\u00eancias.","dataAtualizacao":"2026-02-04 07:48:08","dataInicioVigencia":"2026-02-03","dataFimVigencia":null,"data":"2026-02-03","numero":6603,"categoria":"Decreto","situacao":"Em vigor","descricao":""},{"ementa":"Designa gestor e fiscal contratual da Prefeitura de \u00c1guas de S\u00e3o Pedro, referente ao Contrato n\u00ba 004\/2026, e d\u00e1 outras provid\u00eancias.","dataAtualizacao":"2026-02-04 07:46:12","dataInicioVigencia":"2026-02-03","dataFimVigencia":null,"data":"2026-02-03","numero":58,"categoria":"Portaria","situacao":"Em vigor","descricao":""},{"ementa":"Concede licen\u00e7a-pr\u00eamio ao servidor efetivo Alex Sandro Benedito Leme, Motorista.","dataAtualizacao":"2026-02-24 11:27:45","dataInicioVigencia":"2026-02-23","dataFimVigencia":"2026-04-08","data":"2026-02-03","numero":57,"categoria":"Portaria","situacao":"Revogada Totalmente","descricao":""},{"ementa":"Concede licen\u00e7a-pr\u00eamio \u00e0 servidora efetiva Roseli Concei\u00e7\u00e3o Lopes Ferraz Soares, T\u00e9cnico de Enfermagem.","dataAtualizacao":"2026-02-04 07:45:49","dataInicioVigencia":"2026-01-31","dataFimVigencia":"2026-03-01","data":"2026-02-03","numero":56,"categoria":"Portaria","situacao":"Em vigor","descricao":""},{"ementa":"Concede licen\u00e7a-pr\u00eamio ao servidor efetivo Jos\u00e9 Luciano de Andrade, Motorista.","dataAtualizacao":"2026-02-04 07:45:36","dataInicioVigencia":"2026-02-06","dataFimVigencia":"2026-04-06","data":"2026-02-03","numero":55,"categoria":"Portaria","situacao":"Em vigor","descricao":""},{"ementa":"Concede licen\u00e7a-pr\u00eamio ao servidor efetivo Eziquiel da Silva, Guarda Civil Municipal.","dataAtualizacao":"2026-02-03 08:01:36","dataInicioVigencia":"2026-03-01","dataFimVigencia":"2026-03-15","data":"2026-02-02","numero":54,"categoria":"Portaria","situacao":"Em vigor","descricao":""},{"ementa":"Abre no or\u00e7amento vigente cr\u00e9dito adicional suplementar R$ 23.642,58, e d\u00e1 outras provid\u00eancias.","dataAtualizacao":"2026-02-02 07:52:19","dataInicioVigencia":"2026-01-30","dataFimVigencia":null,"data":"2026-01-30","numero":6602,"categoria":"Decreto","situacao":"Em vigor","descricao":""},{"ementa":"Altera as al\u00edneas c e g do art. 2\u00ba do Decreto n\u00ba 6.187, de 05 de julho de 2024.","dataAtualizacao":"2026-02-02 07:50:04","dataInicioVigencia":"2026-01-30","dataFimVigencia":null,"data":"2026-01-30","numero":6601,"categoria":"Decreto","situacao":"Em vigor","descricao":""},{"ementa":"Abre no or\u00e7amento vigente cr\u00e9dito adicional suplementar R$ 30.000,00, e d\u00e1 outras provid\u00eancias.","dataAtualizacao":"2026-01-30 07:35:25","dataInicioVigencia":"2026-01-29","dataFimVigencia":null,"data":"2026-01-29","numero":6600,"categoria":"Decreto","situacao":"Em vigor","descricao":""},{"ementa":"Altera e suspende o expediente da Administra\u00e7\u00e3o P\u00fablica Municipal, nos setores e no per\u00edodo que especifica.","dataAtualizacao":"2026-01-30 07:34:48","dataInicioVigencia":"2026-02-05","dataFimVigencia":"2026-02-05","data":"2026-01-29","numero":6599,"categoria":"Decreto","situacao":"Em vigor","descricao":""},{"ementa":"Concede licen\u00e7a-pr\u00eamio ao servidor efetivo Dalmir Gustavo Bomtorin de Azevedo, Motorista.","dataAtualizacao":"2026-01-30 07:34:38","dataInicioVigencia":"2026-02-02","dataFimVigencia":"2026-02-16","data":"2026-01-29","numero":53,"categoria":"Portaria","situacao":"Em vigor","descricao":""},{"ementa":"Abre no or\u00e7amento vigente cr\u00e9dito adicional suplementar R$ 3.000,00, e d\u00e1 outras provid\u00eancias.","dataAtualizacao":"2026-01-28 07:39:31","dataInicioVigencia":"2026-01-27","dataFimVigencia":null,"data":"2026-01-27","numero":6598,"categoria":"Decreto","situacao":"Em vigor","descricao":""},{"ementa":"Altera o inciso II do art. 1\u00ba do Decreto n\u00ba 6.587, de 06 de janeiro de 2026.","dataAtualizacao":"2026-01-28 07:38:59","dataInicioVigencia":"2026-01-27","dataFimVigencia":null,"data":"2026-01-27","numero":6597,"categoria":"Decreto","situacao":"Em vigor","descricao":""},{"ementa":"Abre no or\u00e7amento vigente cr\u00e9dito adicional suplementar R$ 127.458,36, e d\u00e1 outras provid\u00eancias.","dataAtualizacao":"2026-01-27 08:14:51","dataInicioVigencia":"2026-01-26","dataFimVigencia":null,"data":"2026-01-26","numero":6596,"categoria":"Decreto","situacao":"Em vigor","descricao":""},{"ementa":"Concede licen\u00e7a-pr\u00eamio \u00e0 servidora efetiva Vilma Siebre de Oliveira Carmezini, Auxiliar Geral.","dataAtualizacao":"2026-01-27 08:13:49","dataInicioVigencia":"2026-01-23","dataFimVigencia":"2026-02-06","data":"2026-01-26","numero":52,"categoria":"Portaria","situacao":"Em vigor","descricao":""},{"ementa":"Nomeia Elizangela Marques Bueno para o cargo de Coordenador de Unidade Administrativa.","dataAtualizacao":"2026-01-27 08:13:38","dataInicioVigencia":"2026-01-21","dataFimVigencia":null,"data":"2026-01-26","numero":51,"categoria":"Portaria","situacao":"Em vigor","descricao":""},{"ementa":"Abre no or\u00e7amento vigente cr\u00e9dito adicional suplementar R$ 115.000,00, e d\u00e1 outras provid\u00eancias.","dataAtualizacao":"2026-01-26 07:45:11","dataInicioVigencia":"2026-01-23","dataFimVigencia":null,"data":"2026-01-23","numero":6595,"categoria":"Decreto","situacao":"Em vigor","descricao":""},{"ementa":"Transfere Giovana Jursa, do cargo de Assessor de Ampla Assist\u00eancia, para o cargo de Assessor de Governo.","dataAtualizacao":"2026-01-23 07:49:10","dataInicioVigencia":"2026-01-05","dataFimVigencia":null,"data":"2026-01-22","numero":50,"categoria":"Portaria","situacao":"Em vigor","descricao":""},{"ementa":"Convoca a servidora efetiva Kelly Cristina Bellegarde Moretti, para prestar servi\u00e7os em regime de Dedica\u00e7\u00e3o Exclusiva.","dataAtualizacao":"2026-01-23 07:48:58","dataInicioVigencia":"2026-01-12","dataFimVigencia":null,"data":"2026-01-22","numero":49,"categoria":"Portaria","situacao":"Em vigor","descricao":""},{"ementa":"Exonera a pedido Luana Cuconati Revelin, do cargo de Monitor.","dataAtualizacao":"2026-01-23 07:48:46","dataInicioVigencia":"2026-01-16","dataFimVigencia":null,"data":"2026-01-22","numero":48,"categoria":"Portaria","situacao":"Em vigor","descricao":""},{"ementa":"Nomeia Mirela Viana Soares de Ramos para o cargo de Servi\u00e7os Gerais Feminino.","dataAtualizacao":"2026-01-23 07:48:31","dataInicioVigencia":"2026-01-19","dataFimVigencia":null,"data":"2026-01-22","numero":47,"categoria":"Portaria","situacao":"Em vigor","descricao":""},{"ementa":"Nomeia J\u00falia Baptista Berto para o cargo de Coordenador de Unidade Administrativa.","dataAtualizacao":"2026-01-23 07:48:15","dataInicioVigencia":"2026-01-19","dataFimVigencia":null,"data":"2026-01-22","numero":46,"categoria":"Portaria","situacao":"Em vigor","descricao":""},{"ementa":"Abre no or\u00e7amento vigente cr\u00e9dito adicional suplementar R$ 12.299,92, e d\u00e1 outras provid\u00eancias.","dataAtualizacao":"2026-01-22 08:03:35","dataInicioVigencia":null,"dataFimVigencia":null,"data":"2026-01-21","numero":6594,"categoria":"Decreto","situacao":"Em vigor","descricao":""},{"ementa":"Designa gestor e fiscal contratual da Prefeitura de \u00c1guas de S\u00e3o Pedro, referente ao Contrato n\u00ba 003\/2026, e d\u00e1 outras provid\u00eancias.","dataAtualizacao":"2026-01-22 08:18:13","dataInicioVigencia":"2026-01-21","dataFimVigencia":null,"data":"2026-01-21","numero":45,"categoria":"Portaria","situacao":"Em vigor","descricao":""},{"ementa":"Revoga Portaria n\u00ba 037-24 e designa a servidora efetiva Talita de Oliveira, cargo Professor PEB-Il - Portugu\u00eas, para exercer a jornada \u201cJT-R\u201d.","dataAtualizacao":"2026-01-22 08:05:16","dataInicioVigencia":"2026-01-01","dataFimVigencia":null,"data":"2026-01-21","numero":44,"categoria":"Portaria","situacao":"Em vigor","descricao":""},{"ementa":"Designa a servidora efetiva Thais de Santis Rocha, cargo Professor PEB-Il - Hist\u00f3ria, para exercer a jornada \u201cJT-P\u201d.","dataAtualizacao":"2026-01-22 08:05:07","dataInicioVigencia":"2026-01-01","dataFimVigencia":null,"data":"2026-01-21","numero":43,"categoria":"Portaria","situacao":"Em vigor","descricao":""},{"ementa":"Revoga Portaria n\u00ba 057-22 e designa a servidora efetiva Simone Vilalva Fachi, cargo Professor PEB-Il - Educa\u00e7\u00e3o F\u00edsica, para exercer a jornada \u201cJT-P\u201d.","dataAtualizacao":"2026-01-22 08:04:58","dataInicioVigencia":"2026-01-01","dataFimVigencia":null,"data":"2026-01-21","numero":42,"categoria":"Portaria","situacao":"Em vigor","descricao":""},{"ementa":"Revoga Portaria n\u00ba 123-25 e designa a servidora efetiva Tatiani Regina Vieira, cargo Professor PEB-Il - Educa\u00e7\u00e3o F\u00edsica, para exercer a jornada \u201cJT-R\u201d.","dataAtualizacao":"2026-01-22 08:04:48","dataInicioVigencia":"2026-01-01","dataFimVigencia":null,"data":"2026-01-21","numero":41,"categoria":"Portaria","situacao":"Em vigor","descricao":""},{"ementa":"Revoga Portaria n\u00ba 028-25 e designa o servidor efetivo Agnaldo Milhani Junior, cargo Professor PEB-Il, para exercer a jornada \u201cJT-C\u201d.","dataAtualizacao":"2026-01-22 08:04:35","dataInicioVigencia":"2026-01-01","dataFimVigencia":null,"data":"2026-01-21","numero":40,"categoria":"Portaria","situacao":"Em vigor","descricao":""},{"ementa":"Revoga Portaria n\u00ba 069-22 e designa a servidora efetiva Silvia Rubia Rizato Camargo Neves, cargo Professor PEB-Il - Ci\u00eancias, para exercer a jornada \u201cJT-P\u201d.","dataAtualizacao":"2026-01-22 08:04:22","dataInicioVigencia":"2026-01-01","dataFimVigencia":null,"data":"2026-01-21","numero":39,"categoria":"Portaria","situacao":"Em vigor","descricao":""},{"ementa":"Designa a servidora Nathalia de Carvalho Franco, cargo Professor PEB-l - Infantil, para exercer a jornada \u201cJT-C\u201d.","dataAtualizacao":"2026-01-22 08:04:11","dataInicioVigencia":"2026-01-01","dataFimVigencia":null,"data":"2026-01-21","numero":38,"categoria":"Portaria","situacao":"Em vigor","descricao":""},{"ementa":"Abre no or\u00e7amento vigente cr\u00e9dito adicional suplementar R$ 159.184,31, e d\u00e1 outras provid\u00eancias.","dataAtualizacao":"2026-01-21 07:40:35","dataInicioVigencia":"2026-01-20","dataFimVigencia":null,"data":"2026-01-20","numero":6593,"categoria":"Decreto","situacao":"Em vigor","descricao":""},{"ementa":"Abre no or\u00e7amento vigente cr\u00e9dito adicional suplementar R$ 28.188,66, e d\u00e1 outras provid\u00eancias.","dataAtualizacao":"2026-01-21 07:39:44","dataInicioVigencia":"2026-01-20","dataFimVigencia":null,"data":"2026-01-20","numero":6592,"categoria":"Decreto","situacao":"Em vigor","descricao":""},{"ementa":"Designa o servidor efetivo Yan Marllon da Silva Pereira, cargo Professor PEB-Il - Geografia, para exercer a jornada \u201cJT-C\u201d.","dataAtualizacao":"2026-01-21 07:38:23","dataInicioVigencia":"2026-01-01","dataFimVigencia":null,"data":"2026-01-20","numero":37,"categoria":"Portaria","situacao":"Em vigor","descricao":""},{"ementa":"Designa a servidora Patr\u00edcia Nascimento Freire, cargo Professor PEB-l - Infantil, para exercer a jornada \u201cJT-C\u201d.","dataAtualizacao":"2026-01-21 07:38:11","dataInicioVigencia":"2026-01-01","dataFimVigencia":null,"data":"2026-01-20","numero":36,"categoria":"Portaria","situacao":"Em vigor","descricao":""},{"ementa":"Designa a servidora Claudia Luiza Gavaldon Pereira, cargo Professor PEB-Il - Educa\u00e7\u00e3o Art\u00edstica, para exercer a jornada \u201cJT-P\u201d.","dataAtualizacao":"2026-01-21 07:38:00","dataInicioVigencia":"2026-01-01","dataFimVigencia":null,"data":"2026-01-20","numero":35,"categoria":"Portaria","situacao":"Em vigor","descricao":""},{"ementa":"Designa a servidora efetiva Marcia Aparecida Previatti, cargo Professor PEB-Il - Educa\u00e7\u00e3o Art\u00edstica, para exercer a jornada \u201cJT-R\u201d.","dataAtualizacao":"2026-01-21 07:37:50","dataInicioVigencia":"2026-01-01","dataFimVigencia":null,"data":"2026-01-20","numero":34,"categoria":"Portaria","situacao":"Em vigor","descricao":""},{"ementa":"Designa a servidora efetiva Shirley Pozo Herrera Salvador, cargo Professor PEB-Il - Espanhol, para exercer a jornada \u201cJT-P\u201d.","dataAtualizacao":"2026-01-21 07:37:40","dataInicioVigencia":"2026-01-01","dataFimVigencia":null,"data":"2026-01-20","numero":33,"categoria":"Portaria","situacao":"Em vigor","descricao":""},{"ementa":"Designa a servidora efetiva Gilmara Santos da Silva, cargo Professor PEB-l - Infantil, para exercer a jornada \u201cJT-C\u201d.","dataAtualizacao":"2026-01-21 07:37:30","dataInicioVigencia":"2026-01-01","dataFimVigencia":null,"data":"2026-01-20","numero":32,"categoria":"Portaria","situacao":"Em vigor","descricao":""},{"ementa":"Revoga Portaria n\u00ba 025-24 e designa a servidora efetiva Katia Eunice de Almeida da Silva, cargo Professor PEB-l - Fundamental, para exercer a jornada \u201cJT-C\u201d.","dataAtualizacao":"2026-01-21 07:37:19","dataInicioVigencia":"2026-01-01","dataFimVigencia":null,"data":"2026-01-20","numero":31,"categoria":"Portaria","situacao":"Em vigor","descricao":""},{"ementa":"Designa a servidora efetiva Cristina Kotlarenko Ara\u00fajo, cargo Professor PEB-l - Fundamental, para exercer a jornada \u201cJT-C\u201d.","dataAtualizacao":"2026-01-21 07:37:08","dataInicioVigencia":"2026-01-01","dataFimVigencia":null,"data":"2026-01-20","numero":30,"categoria":"Portaria","situacao":"Em vigor","descricao":""},{"ementa":"Disp\u00f5e sobre a suspens\u00e3o do expediente na Administra\u00e7\u00e3o P\u00fablica Municipal, no setor e per\u00edodo que especifica.","dataAtualizacao":"2026-01-20 07:41:08","dataInicioVigencia":"2026-01-28","dataFimVigencia":"2026-01-28","data":"2026-01-19","numero":6591,"categoria":"Decreto","situacao":"Em vigor","descricao":""},{"ementa":"Nomeia Sandra In\u00e1cio da Silva para o cargo de Servi\u00e7os Gerais Feminino.","dataAtualizacao":"2026-01-19 08:19:55","dataInicioVigencia":"2026-01-13","dataFimVigencia":null,"data":"2026-01-16","numero":29,"categoria":"Portaria","situacao":"Em vigor","descricao":""},{"ementa":"Cria Comiss\u00e3o de Estudos sobre a cess\u00e3o dos im\u00f3veis do munic\u00edpio de \u00c1guas de S\u00e3o Pedro.","dataAtualizacao":"2026-01-16 07:40:23","dataInicioVigencia":"2026-01-15","dataFimVigencia":null,"data":"2026-01-15","numero":28,"categoria":"Portaria","situacao":"Em vigor","descricao":""},{"ementa":"Concede licen\u00e7a-pr\u00eamio \u00e0 servidora efetiva Maria de F\u00e1tima Scaranelo, Oficial de Administra\u00e7\u00e3o.","dataAtualizacao":"2026-01-16 07:40:14","dataInicioVigencia":"2026-01-12","dataFimVigencia":"2026-01-26","data":"2026-01-15","numero":27,"categoria":"Portaria","situacao":"Em vigor","descricao":""},{"ementa":"Designa o servidor efetivo Alisson de Moraes Vieira para o exerc\u00edcio de fun\u00e7\u00e3o gratificada.","dataAtualizacao":"2026-04-14 11:14:17","dataInicioVigencia":"2026-01-05","dataFimVigencia":null,"data":"2026-01-15","numero":26,"categoria":"Portaria","situacao":"Revogada Totalmente","descricao":""},{"ementa":"Transfere Giovana Gouveia Trovatto, do cargo de Coordenador de Unidade Administrativa, para o cargo de Assessor de Ampla Assist\u00eancia.","dataAtualizacao":"2026-01-16 07:39:53","dataInicioVigencia":"2026-01-05","dataFimVigencia":null,"data":"2026-01-15","numero":25,"categoria":"Portaria","situacao":"Em vigor","descricao":""},{"ementa":"Concede licen\u00e7a-pr\u00eamio ao servidor efetivo Jos\u00e9 Luciano de Andrade, Motorista.","dataAtualizacao":"2026-01-15 07:40:46","dataInicioVigencia":"2026-01-13","dataFimVigencia":"2026-01-27","data":"2026-01-14","numero":24,"categoria":"Portaria","situacao":"Em vigor","descricao":""},{"ementa":"Concede licen\u00e7a-pr\u00eamio ao servidor efetivo Rubens Aparecido Antunes, Agente Administrativo II.","dataAtualizacao":"2026-01-15 07:40:36","dataInicioVigencia":"2026-01-14","dataFimVigencia":"2026-02-12","data":"2026-01-14","numero":23,"categoria":"Portaria","situacao":"Em vigor","descricao":""},{"ementa":"Designa gestor e fiscal contratual da Prefeitura de \u00c1guas de S\u00e3o Pedro, referente ao Contrato n\u00ba 002\/2026, e d\u00e1 outras provid\u00eancias.","dataAtualizacao":"2026-01-15 07:40:24","dataInicioVigencia":"2026-01-14","dataFimVigencia":null,"data":"2026-01-14","numero":22,"categoria":"Portaria","situacao":"Em vigor","descricao":""},{"ementa":"Exonera, por motivo de \u00f3bito, Laisa Bertucci, do cargo efetivo de Inspetor de Alunos.","dataAtualizacao":"2026-01-14 07:43:00","dataInicioVigencia":"2026-01-04","dataFimVigencia":null,"data":"2026-01-13","numero":21,"categoria":"Portaria","situacao":"Em vigor","descricao":""},{"ementa":"Concede licen\u00e7a-pr\u00eamio \u00e0 servidora efetiva C\u00e9lia Regina Jorge de Moraes, Professor PEB I - Fundamental.","dataAtualizacao":"2026-01-14 07:42:50","dataInicioVigencia":"2026-01-15","dataFimVigencia":"2026-01-29","data":"2026-01-13","numero":20,"categoria":"Portaria","situacao":"Em vigor","descricao":""},{"ementa":"Concede licen\u00e7a-pr\u00eamio \u00e0 servidora efetiva Maria Luiza de Oliveira Stahl, T\u00e9cnico de Enfermagem.","dataAtualizacao":"2026-01-14 07:42:39","dataInicioVigencia":"2026-01-26","dataFimVigencia":"2026-02-09","data":"2026-01-13","numero":19,"categoria":"Portaria","situacao":"Em vigor","descricao":""},{"ementa":"Concede licen\u00e7a-pr\u00eamio ao servidor efetivo Etiel Stopato da Fonseca, Cozinheiro.","dataAtualizacao":"2026-01-14 07:42:24","dataInicioVigencia":"2026-01-26","dataFimVigencia":"2026-02-09","data":"2026-01-13","numero":18,"categoria":"Portaria","situacao":"Em vigor","descricao":""},{"ementa":"Convoca a servidora efetiva Viviane Aparecida Casa, para prestar servi\u00e7os em regime de Dedica\u00e7\u00e3o Exclusiva.","dataAtualizacao":"2026-01-13 07:33:40","dataInicioVigencia":"2026-01-02","dataFimVigencia":null,"data":"2026-01-12","numero":17,"categoria":"Portaria","situacao":"Em vigor","descricao":""},{"ementa":"Convoca a servidora efetiva Camila Aparecida Caravita Salvador, para prestar servi\u00e7os em regime de Dedica\u00e7\u00e3o Exclusiva.","dataAtualizacao":"2026-01-13 07:33:30","dataInicioVigencia":"2026-01-02","dataFimVigencia":null,"data":"2026-01-12","numero":16,"categoria":"Portaria","situacao":"Em vigor","descricao":""},{"ementa":"Convoca a servidora efetiva C\u00e9lia Regina Delfitti, para prestar servi\u00e7os em regime de Dedica\u00e7\u00e3o Exclusiva.","dataAtualizacao":"2026-01-13 07:33:19","dataInicioVigencia":"2026-01-02","dataFimVigencia":null,"data":"2026-01-12","numero":15,"categoria":"Portaria","situacao":"Em vigor","descricao":""},{"ementa":"Convoca o servidor efetivo Bruno Escribano Gaspar da Cruz, para prestar servi\u00e7os em regime de Dedica\u00e7\u00e3o Exclusiva.","dataAtualizacao":"2026-01-13 07:33:06","dataInicioVigencia":"2026-01-02","dataFimVigencia":null,"data":"2026-01-12","numero":14,"categoria":"Portaria","situacao":"Em vigor","descricao":""},{"ementa":"Convoca o servidor efetivo Elieser Faria Martins, para prestar servi\u00e7os em regime de Dedica\u00e7\u00e3o Exclusiva.","dataAtualizacao":"2026-01-12 07:54:48","dataInicioVigencia":"2026-01-02","dataFimVigencia":null,"data":"2026-01-09","numero":13,"categoria":"Portaria","situacao":"Em vigor","descricao":""},{"ementa":"Transfere Fernanda Peruca da Costa, do cargo de Coordenador de Unidade Administrativa, para o cargo de Assessor de Ampla Assist\u00eancia.","dataAtualizacao":"2026-01-12 07:54:39","dataInicioVigencia":"2026-01-02","dataFimVigencia":null,"data":"2026-01-09","numero":12,"categoria":"Portaria","situacao":"Em vigor","descricao":""},{"ementa":"Prorroga o contrato de Jos\u00e9 Aparecido de Almeida, cargo de Motorista.","dataAtualizacao":"2026-01-12 07:54:29","dataInicioVigencia":"2026-01-05","dataFimVigencia":"2026-04-04","data":"2026-01-09","numero":11,"categoria":"Portaria","situacao":"Em vigor","descricao":""},{"ementa":"Prorroga o contrato de Benedito Campanhola, cargo de Motorista.","dataAtualizacao":"2026-01-12 07:54:20","dataInicioVigencia":"2026-01-05","dataFimVigencia":"2026-04-04","data":"2026-01-09","numero":10,"categoria":"Portaria","situacao":"Em vigor","descricao":""},{"ementa":"Concede licen\u00e7a-pr\u00eamio \u00e0 servidora efetiva Roseli Concei\u00e7\u00e3o Lopes Ferraz Soares, T\u00e9cnico de Enfermagem.","dataAtualizacao":"2026-01-12 07:54:09","dataInicioVigencia":"2026-01-01","dataFimVigencia":"2026-01-30","data":"2026-01-09","numero":9,"categoria":"Portaria","situacao":"Em vigor","descricao":""},{"ementa":"Altera e suspende o expediente na Administra\u00e7\u00e3o P\u00fablica Municipal nos setores e per\u00edodo que especifica.","dataAtualizacao":"2026-01-19 11:31:43","dataInicioVigencia":"2026-01-21","dataFimVigencia":"2026-01-21","data":"2026-01-08","numero":6590,"categoria":"Decreto","situacao":"Em vigor","descricao":""},{"ementa":"Designa gestor e fiscal contratual da Prefeitura de \u00c1guas de S\u00e3o Pedro, referente ao Contrato n\u00ba 084\/2025 \u2013 Processo Administrativo n\u00ba 1892\/2025, e d\u00e1 outras provid\u00eancias.","dataAtualizacao":"2026-01-09 08:14:56","dataInicioVigencia":"2026-01-08","dataFimVigencia":null,"data":"2026-01-08","numero":8,"categoria":"Portaria","situacao":"Em vigor","descricao":""},{"ementa":"Prorroga o contrato de Danielle Gon\u00e7alves dos Santos, cargo de Professor PEB \u2013 II \u2013 Ci\u00eancias.","dataAtualizacao":"2026-01-09 08:14:40","dataInicioVigencia":"2025-11-30","dataFimVigencia":"2026-05-29","data":"2026-01-08","numero":7,"categoria":"Portaria","situacao":"Em vigor","descricao":""},{"ementa":"Prorroga o contrato de Claudia Luiza Gavaldon Pereira, cargo de Professor PEB \u2013 II \u2013 Ed. Art\u00edstica.","dataAtualizacao":"2026-01-09 08:14:29","dataInicioVigencia":"2025-11-29","dataFimVigencia":"2026-05-28","data":"2026-01-08","numero":6,"categoria":"Portaria","situacao":"Em vigor","descricao":""},{"ementa":"Prorroga o contrato de Maria do Carmo Santos Louren\u00e7o, cargo de Professor PEB \u2013 I - Fundamental.","dataAtualizacao":"2026-01-09 08:14:18","dataInicioVigencia":"2025-12-20","dataFimVigencia":"2026-06-05","data":"2026-01-08","numero":5,"categoria":"Portaria","situacao":"Em vigor","descricao":""},{"ementa":"Prorroga o contrato de Leandro Ferreira Matheus, cargo de Professor PEB \u2013 II - Ingl\u00eas.","dataAtualizacao":"2026-01-09 08:14:08","dataInicioVigencia":"2025-11-29","dataFimVigencia":"2026-05-28","data":"2026-01-08","numero":4,"categoria":"Portaria","situacao":"Em vigor","descricao":""},{"ementa":"Instaura Processo Administrativo Disciplinar e nomeia Comiss\u00e3o Processante.","dataAtualizacao":"2026-01-08 07:38:44","dataInicioVigencia":"2026-01-07","dataFimVigencia":null,"data":"2026-01-07","numero":3,"categoria":"Portaria","situacao":"Em vigor","descricao":""},{"ementa":"Instaura Processo Administrativo Disciplinar e nomeia Comiss\u00e3o Processante.","dataAtualizacao":"2026-01-08 07:38:30","dataInicioVigencia":"2026-01-07","dataFimVigencia":null,"data":"2026-01-07","numero":2,"categoria":"Portaria","situacao":"Em vigor","descricao":""},{"ementa":"Fixa valores de Pre\u00e7os P\u00fablicos, Taxas e ISSQN incidente sobre os prestadores de servi\u00e7os aut\u00f4nomos para o exerc\u00edcio de 2026 e d\u00e1 outras provid\u00eancias.","dataAtualizacao":"2026-01-07 09:16:02","dataInicioVigencia":"2026-01-01","dataFimVigencia":null,"data":"2026-01-06","numero":6589,"categoria":"Decreto","situacao":"Em vigor","descricao":""},{"ementa":"Revoga o Decreto n\u00ba 6315, de 10 de janeiro de 2025; fixa os valores da PAUTA FISCAL para efeito de cobran\u00e7a do Imposto Sobre Servi\u00e7os de Qualquer Natureza \u2013 ISSQN, na expedi\u00e7\u00e3o do \u201cHabite-se\u201d ou \u201cVisto de Conclus\u00e3o\u201d e d\u00e1 outras provid\u00eancias.","dataAtualizacao":"2026-01-07 09:15:49","dataInicioVigencia":"2026-01-01","dataFimVigencia":null,"data":"2026-01-06","numero":6588,"categoria":"Decreto","situacao":"Em vigor","descricao":""},{"ementa":"Estabelece medidas tempor\u00e1rias de conten\u00e7\u00e3o de despesas para o exerc\u00edcio de 2026.","dataAtualizacao":"2026-01-27 09:13:05","dataInicioVigencia":"2026-01-06","dataFimVigencia":null,"data":"2026-01-06","numero":6587,"categoria":"Decreto","situacao":"Alterada","descricao":""},{"ementa":"Nomeia gestor e fiscal contratual da Prefeitura de \u00c1guas de S\u00e3o Pedro, referente ao Contrato n\u00ba. 01\/2026, e d\u00e1 outras provid\u00eancias.","dataAtualizacao":"2026-01-07 09:15:26","dataInicioVigencia":"2026-01-06","dataFimVigencia":null,"data":"2026-01-06","numero":1,"categoria":"Portaria","situacao":"Em vigor","descricao":""},{"ementa":"Nomeia o Comit\u00ea Executivo e de Coordena\u00e7\u00e3o da elabora\u00e7\u00e3o e implementa\u00e7\u00e3o do Plano Municipal de Saneamento.","dataAtualizacao":"2026-02-02 09:13:57","dataInicioVigencia":"2025-03-01","dataFimVigencia":null,"data":"2025-12-31","numero":458,"categoria":"Portaria","situacao":"Em vigor","descricao":""},{"ementa":"Nomeia comiss\u00e3o de acompanhamento do \u00cdndice de Efetividade da Gest\u00e3o Municipal no Munic\u00edpio em \u00c1guas de S\u00e3o Pedro.","dataAtualizacao":"2026-02-02 09:10:42","dataInicioVigencia":"2025-12-22","dataFimVigencia":null,"data":"2025-12-22","numero":457,"categoria":"Portaria","situacao":"Em vigor","descricao":""},{"ementa":"Nomeia gestor e fiscal contratual da Prefeitura de \u00c1guas de S\u00e3o Pedro, referente ao Contrato n\u00ba. 97\/2022, e d\u00e1 outras provid\u00eancias.","dataAtualizacao":"2026-02-02 09:08:40","dataInicioVigencia":"2025-12-22","dataFimVigencia":null,"data":"2025-12-22","numero":456,"categoria":"Portaria","situacao":"Em vigor","descricao":""},{"ementa":"Nomeia Maria Edneia da Silva para o cargo de Monitor.","dataAtualizacao":"2026-02-02 09:06:45","dataInicioVigencia":null,"dataFimVigencia":null,"data":"2025-12-19","numero":455,"categoria":"Portaria","situacao":"Em vigor","descricao":""},{"ementa":"Nomeia Luiz Carlos da Silva para o cargo de Motorista.","dataAtualizacao":"2026-02-02 09:04:26","dataInicioVigencia":"2025-12-09","dataFimVigencia":null,"data":"2025-12-19","numero":454,"categoria":"Portaria","situacao":"Em vigor","descricao":""},{"ementa":"Nomeia comiss\u00e3o de trabalho do Plano de Gerenciamento de Res\u00edduos S\u00f3lidos do Munic\u00edpio.","dataAtualizacao":"2026-01-29 11:22:11","dataInicioVigencia":"2025-12-16","dataFimVigencia":null,"data":"2025-12-16","numero":452,"categoria":"Portaria","situacao":"Em vigor","descricao":""},{"ementa":"Nomeia comiss\u00e3o de trabalho do Plano de Gerenciamento de Res\u00edduos da Constru\u00e7\u00e3o Civil do Munic\u00edpio.","dataAtualizacao":"2026-01-29 11:18:08","dataInicioVigencia":"2025-12-16","dataFimVigencia":null,"data":"2025-12-16","numero":451,"categoria":"Portaria","situacao":"Em vigor","descricao":""},{"ementa":"Prorroga o contrato de Marta Aparecida da Silva Gomes, cargo de Atendente Hospitalar.","dataAtualizacao":"2026-01-29 11:15:37","dataInicioVigencia":"2025-12-04","dataFimVigencia":null,"data":"2025-12-16","numero":450,"categoria":"Portaria","situacao":"Em vigor","descricao":""},{"ementa":"Designa gestor e fiscal contratual da Prefeitura de \u00c1guas de S\u00e3o Pedro, referente ao Contrato n\u00ba 083\/2025 \u2013 Processo Administrativo n\u00ba 2015\/2025, e d\u00e1 outras provid\u00eancias.","dataAtualizacao":"2026-01-29 10:34:29","dataInicioVigencia":"2025-12-15","dataFimVigencia":null,"data":"2025-12-15","numero":449,"categoria":"Portaria","situacao":"Em vigor","descricao":""},{"ementa":"Institui a gratifica\u00e7\u00e3o mensal para o Agente de Contrata\u00e7\u00e3o e Controle Interno da C\u00e2mara de Vereadores de \u00c1guas de S\u00e3o Pedro e d\u00e1 outras provid\u00eancias.","dataAtualizacao":"2026-04-15 11:47:08","dataInicioVigencia":"2025-11-17","dataFimVigencia":null,"data":"2025-11-17","numero":2322,"categoria":"Lei Ordin\u00e1ria","situacao":"Alterada","descricao":""},{"ementa":"Revoga Decreto n\u00ba 5235, de 09 de mar\u00e7o de 2021, nomeia membros para o Conselho Municipal de Saneamento B\u00e1sico \u2013 CMSB, e d\u00e1 outras provid\u00eancias.","dataAtualizacao":"2026-02-24 09:18:31","dataInicioVigencia":"2025-10-01","dataFimVigencia":null,"data":"2025-10-01","numero":6511,"categoria":"Decreto","situacao":"Revogada Totalmente","descricao":""},{"ementa":"Transfere Nivea Rodrigues Sant&#039;anna Cerqueira Zampieri, do cargo de Assessor de Governo, para o cargo de Secret\u00e1rio Executivo.","dataAtualizacao":"2026-04-10 09:16:47","dataInicioVigencia":null,"dataFimVigencia":null,"data":"2025-09-26","numero":379,"categoria":"Portaria","situacao":"Revogada Totalmente","descricao":""},{"ementa":"Transfere Lucas Breno Basso, do cargo de Diretor de Departamento, para o cargo de Coordenador de Unidade Administrativa.","dataAtualizacao":"2026-04-13 09:48:13","dataInicioVigencia":null,"dataFimVigencia":null,"data":"2025-09-26","numero":368,"categoria":"Portaria","situacao":"Revogada Totalmente","descricao":""},{"ementa":"Revoga a Portaria n\u00ba 202, de 03 de junho de 2025, e nomeia Pregoeiros e Equipe de Apoio para proceder aos preg\u00f5es levados a efeito, pela Prefeitura do Munic\u00edpio da Est\u00e2ncia Hidromineral de \u00c1guas de S\u00e3o Pedro.","dataAtualizacao":"2026-04-01 12:18:45","dataInicioVigencia":"2025-08-01","dataFimVigencia":null,"data":"2025-08-07","numero":298,"categoria":"Portaria","situacao":"Revogada Totalmente","descricao":""},{"ementa":"Revoga Portaria n\u00ba 349-24 e altera membros da Coordenadoria Municipal de Prote\u00e7\u00e3o e Defesa Civil \u2013 COMPDEC.","dataAtualizacao":"2026-03-26 10:49:52","dataInicioVigencia":"2025-04-22","dataFimVigencia":null,"data":"2025-04-22","numero":153,"categoria":"Portaria","situacao":"Revogada Totalmente","descricao":""},{"ementa":"Revoga Portaria n\u00ba 058-22 e designa a servidora efetiva Tatiani Regina Vieira, cargo Professor PEB-II, para exercer a jornada \u201cJT-P\u201d.","dataAtualizacao":"2026-01-21 09:49:57","dataInicioVigencia":"2025-03-14","dataFimVigencia":null,"data":"2025-03-18","numero":123,"categoria":"Portaria","situacao":"Revogada Totalmente","descricao":""},{"ementa":"Disp\u00f5e sobre a implanta\u00e7\u00e3o do fluxograma dos processos de permissionamento ou de permiss\u00e3o de uso de espa\u00e7o p\u00fablico, no \u00e2mbito da Administra\u00e7\u00e3o P\u00fablica Municipal.","dataAtualizacao":"2026-03-16 11:16:18","dataInicioVigencia":"2025-02-21","dataFimVigencia":null,"data":"2025-02-21","numero":6339,"categoria":"Decreto","situacao":"Revogada Totalmente","descricao":""},{"ementa":"Convoca o servidor efetivo Aloisio de Lima, para prestar servi\u00e7os em regime de Dedica\u00e7\u00e3o Exclusiva.","dataAtualizacao":"2026-04-14 09:15:43","dataInicioVigencia":"2025-02-03","dataFimVigencia":null,"data":"2025-02-21","numero":82,"categoria":"Portaria","situacao":"Revogada Totalmente","descricao":""},{"ementa":"Convoca o servidor efetivo Marcos Paulo dos Santos, para prestar servi\u00e7os em regime de Dedica\u00e7\u00e3o Exclusiva.","dataAtualizacao":"2026-04-14 09:17:21","dataInicioVigencia":"2025-02-03","dataFimVigencia":null,"data":"2025-02-21","numero":81,"categoria":"Portaria","situacao":"Revogada Totalmente","descricao":""},{"ementa":"Revoga Portaria n\u00ba 029-23 e designa o servidor efetivo Agnaldo Milhani Junior, cargo Professor PEB-II Educa\u00e7\u00e3o F\u00edsica, para exercer a jornada \u201cJT-P\u201d.","dataAtualizacao":"2026-01-21 09:48:08","dataInicioVigencia":"2025-01-01","dataFimVigencia":null,"data":"2025-01-14","numero":28,"categoria":"Portaria","situacao":"Revogada Totalmente","descricao":""},{"ementa":"Revoga o Decreto n\u00ba 6051, de 05 de janeiro de 2024; fixa os valores da PAUTA FISCAL para efeito de cobran\u00e7a do Imposto Sobre Servi\u00e7os de Qualquer Natureza \u2013 ISSQN, na expedi\u00e7\u00e3o do \u201cHabite-se\u201d ou \u201cVisto de Conclus\u00e3o\u201d, e d\u00e1 outras provid\u00eancias.","dataAtualizacao":"2026-01-06 09:58:48","dataInicioVigencia":"2025-01-01","dataFimVigencia":null,"data":"2025-01-10","numero":6315,"categoria":"Decreto","situacao":"Revogada Totalmente","descricao":""},{"ementa":"Revoga a Portaria n\u00ba 380-24, nomeia membros da Comiss\u00e3o de Abertura e Julgamento de Licita\u00e7\u00f5es, pelo per\u00edodo de 12 meses.","dataAtualizacao":"2026-04-01 12:20:23","dataInicioVigencia":"2025-01-01","dataFimVigencia":null,"data":"2025-01-07","numero":7,"categoria":"Portaria","situacao":"Revogada Totalmente","descricao":""},{"ementa":"Revoga Decreto n\u00ba 5785, de 10 de janeiro de 2023 e nomeia membros para compor o Conselho Municipal de Acompanhamento e Controle Social do Fundo de Manuten\u00e7\u00e3o e Desenvolvimento da Educa\u00e7\u00e3o B\u00e1sica e de Valoriza\u00e7\u00e3o dos Profissionais da Educa\u00e7\u00e3o CACS-FUNDEB no munic\u00edpio da Est\u00e2ncia Hidromineral de \u00c1guas de S\u00e3o Pedro.","dataAtualizacao":"2026-01-30 09:14:06","dataInicioVigencia":"2024-07-05","dataFimVigencia":null,"data":"2024-07-05","numero":6187,"categoria":"Decreto","situacao":"Alterada","descricao":""},{"ementa":"Convoca a servidora efetiva Juliana Aparecida Ramos, para prestar servi\u00e7os em regime de Dedica\u00e7\u00e3o Exclusiva.","dataAtualizacao":"2026-04-14 09:06:32","dataInicioVigencia":"2024-04-01","dataFimVigencia":null,"data":"2024-04-04","numero":105,"categoria":"Portaria","situacao":"Revogada Totalmente","descricao":""},{"ementa":"Designa o servidor efetivo Alisson de Moraes Vieira, para o cargo efetivo Agente Administrativo III \u201cRef.: E-12\u201d.","dataAtualizacao":"2026-04-14 11:14:37","dataInicioVigencia":"2024-02-01","dataFimVigencia":null,"data":"2024-02-08","numero":46,"categoria":"Portaria","situacao":"Revogada Totalmente","descricao":""},{"ementa":"Designa a servidora efetiva Talita de Oliveira, cargo PEB-ll - Portugu\u00eas, para exercer a jornada JT-P.","dataAtualizacao":"2026-01-21 09:54:49","dataInicioVigencia":"2024-01-02","dataFimVigencia":null,"data":"2024-01-31","numero":37,"categoria":"Portaria","situacao":"Revogada Totalmente","descricao":""},{"ementa":"Revoga Portaria n\u00ba. 051\/22 da servidora Katia Eunice de Almeida da Silva, cargo efetivo PEB l.","dataAtualizacao":"2026-01-20 09:49:18","dataInicioVigencia":"2024-01-02","dataFimVigencia":null,"data":"2024-01-12","numero":25,"categoria":"Portaria","situacao":"Revogada Totalmente","descricao":""},{"ementa":"Convoca o servidor efetivo Marcos Donizeti Joia Fioravante, para prestar servi\u00e7os em regime de Dedica\u00e7\u00e3o Exclusiva.","dataAtualizacao":"2026-04-14 09:04:55","dataInicioVigencia":"2023-09-01","dataFimVigencia":null,"data":"2023-09-13","numero":273,"categoria":"Portaria","situacao":"Revogada Totalmente","descricao":""},{"ementa":"Designa o servidor efetivo F\u00e1bio Roberto Esteves para exercer cargo de Secret\u00e1rio de Servi\u00e7os Urbanos e Meio Ambiente.","dataAtualizacao":"2026-04-01 12:14:06","dataInicioVigencia":"2023-04-10","dataFimVigencia":null,"data":"2023-04-11","numero":150,"categoria":"Portaria","situacao":"Revogada Totalmente","descricao":""},{"ementa":"Convoca a servidora efetiva Pillar Rodelis, para prestar servi\u00e7os em regime de Dedica\u00e7\u00e3o Exclusiva.","dataAtualizacao":"2026-04-14 09:03:08","dataInicioVigencia":"2023-02-01","dataFimVigencia":null,"data":"2023-01-24","numero":41,"categoria":"Portaria","situacao":"Revogada Totalmente","descricao":""},{"ementa":"Convoca o servidor efetivo Cesar Alves da Silva, para prestar servi\u00e7os em regime de Dedica\u00e7\u00e3o Exclusiva.","dataAtualizacao":"2026-04-14 09:08:13","dataInicioVigencia":"2022-10-06","dataFimVigencia":null,"data":"2022-10-11","numero":258,"categoria":"Portaria","situacao":"Revogada Totalmente","descricao":""},{"ementa":"Designa a servidora efetiva Rosana Cristina Gaspar, para o cargo efetivo, Auxiliar Administrativo \u201cRef.: E-1\u201d.","dataAtualizacao":"2026-03-17 09:49:47","dataInicioVigencia":"2022-07-01","dataFimVigencia":null,"data":"2022-07-19","numero":186,"categoria":"Portaria","situacao":"Revogada Totalmente","descricao":""},{"ementa":"Designa a servidora efetiva Hilda Bicudo Fonseca, para o cargo efetivo, Auxiliar Administrativo \u201cRef.: E-1\u201d.","dataAtualizacao":"2026-03-17 09:51:35","dataInicioVigencia":"2022-07-01","dataFimVigencia":null,"data":"2022-07-19","numero":185,"categoria":"Portaria","situacao":"Revogada Totalmente","descricao":""},{"ementa":"Designa o servidor efetivo Alex Sandro Benedito Leme para exercer fun\u00e7\u00e3o gratificada.","dataAtualizacao":"2026-04-30 09:09:20","dataInicioVigencia":"2022-07-01","dataFimVigencia":null,"data":"2022-07-13","numero":175,"categoria":"Portaria","situacao":"Revogada Totalmente","descricao":""},{"ementa":"Designa o servidor efetivo Ivair Roberto Toigo para exercer fun\u00e7\u00e3o gratificada.","dataAtualizacao":"2026-04-01 12:17:08","dataInicioVigencia":"2022-07-01","dataFimVigencia":null,"data":"2022-07-13","numero":163,"categoria":"Portaria","situacao":"Revogada Totalmente","descricao":""},{"ementa":"Convoca o servidor efetivo Ivair Roberto Toigo, para prestar servi\u00e7os em regime de Dedica\u00e7\u00e3o Exclusiva.","dataAtualizacao":"2026-04-01 12:16:48","dataInicioVigencia":"2022-07-01","dataFimVigencia":null,"data":"2022-07-13","numero":161,"categoria":"Portaria","situacao":"Revogada Totalmente","descricao":""},{"ementa":"Convoca a servidora efetiva Val\u00e9ria de C\u00e1ssia Barboza Oliveira, para prestar servi\u00e7os em regime de Dedica\u00e7\u00e3o Exclusiva.","dataAtualizacao":"2026-04-14 09:10:11","dataInicioVigencia":"2022-06-01","dataFimVigencia":null,"data":"2022-06-13","numero":147,"categoria":"Portaria","situacao":"Revogada Totalmente","descricao":""},{"ementa":"Designa a servidora efetiva, Silvia Rubia Rizato Camargo Neves, cargo PEB-ll Ci\u00eancias, para exercer a jornada JT-C, e d\u00e1 outras provid\u00eancias.","dataAtualizacao":"2026-01-21 09:33:11","dataInicioVigencia":"2022-02-01","dataFimVigencia":null,"data":"2022-02-23","numero":69,"categoria":"Portaria","situacao":"Revogada Totalmente","descricao":""},{"ementa":"Designa a servidora efetiva, Simone Vilalva Facchi, cargo PEB-ll Educa\u00e7\u00e3o F\u00edsica, para exercer a jornada JT-C, e d\u00e1 outras provid\u00eancias.","dataAtualizacao":"2026-01-21 09:51:46","dataInicioVigencia":"2022-02-01","dataFimVigencia":null,"data":"2022-02-16","numero":57,"categoria":"Portaria","situacao":"Revogada Totalmente","descricao":""},{"ementa":"Designa Andr\u00e9 Uematsu Mennitti para o cargo efetivo de Auxiliar Administrativo, transfere para a Secretaria de Administra\u00e7\u00e3o, e d\u00e1 outras provid\u00eancias.","dataAtualizacao":"2026-03-17 09:47:57","dataInicioVigencia":"2021-05-17","dataFimVigencia":null,"data":"2021-05-17","numero":112,"categoria":"Portaria","situacao":"Revogada Totalmente","descricao":""}]}